{"id":998,"date":"2021-09-01T10:21:40","date_gmt":"2021-09-01T10:21:40","guid":{"rendered":"https:\/\/spswierzno.edu.pl\/?p=998"},"modified":"2022-03-28T09:34:19","modified_gmt":"2022-03-28T09:34:19","slug":"uroczyste-rozpoczecie-roku-szkolnego-2021-2022-2","status":"publish","type":"post","link":"https:\/\/spswierzno.edu.pl\/?p=998","title":{"rendered":"Uroczyste Rozpocz\u0119cie Roku szkolnego 2021\/2022"},"content":{"rendered":"<div class=\"\" dir=\"auto\">\n<div id=\"jsc_c_zu\" class=\"ecm0bbzt hv4rvrfc ihqw7lf3 dati1w0a\" data-ad-comet-preview=\"message\" data-ad-preview=\"message\">\n<div class=\"j83agx80 cbu4d94t ew0dbk1b irj2b8pg\">\n<div class=\"qzhwtbm6 knvmm38d\">\n<div class=\"kvgmc6g5 cxmmr5t8 oygrvhab hcukyx3x c1et5uql ii04i59q\">\n<div dir=\"auto\">Dzisiaj po dw\u00f3ch miesi\u0105cach b\u0142ogiego odpoczynku zabrzmia\u0142 pierwszy dzwonek w naszej szkole.<\/div>\n<div dir=\"auto\">Na uroczysto\u015b\u0107 rozpocz\u0119cia roku szkolnego 2021\/2022 przybyli uczniowie, nauczyciela, pracownicy obs\u0142ugi i administracji oraz rodzice.<\/div>\n<div dir=\"auto\">Jeste\u015bmy pe\u0142ni nadziei, \u017ce ten nowy rok szkolny b\u0119dzie lepszy od poprzedniego, a nauka stacjonarna b\u0119dzie trwa\u0142a nieprzerwanie a\u017c do nast\u0119pnych wakacji.<\/div>\n<div dir=\"auto\">\u017byczymy wszystkim wspania\u0142ej wsp\u00f3\u0142pracy, zrozumienia, spokoju, ma\u0142o problem\u00f3w, du\u017co rado\u015bci, ciep\u0142a oraz &#8222;Wielu sukces\u00f3w na ca\u0142y rok szkolny 2021\/2022.<\/div>\n<div dir=\"auto\">Powodzenia!!!!!!!!!!<\/div>\n<div dir=\"auto\">Fotorelacja <a href=\"https:\/\/spswierzno.edu.pl\/index.php\/nggallery\/rok-szkolny-2021-2022\/rozpoczecie-roku-szkolnego?page_id=981\">&gt;&gt;Zobacz&lt;&lt;<\/a><\/div>\n<div dir=\"auto\"><img fetchpriority=\"high\" decoding=\"async\" class=\" wp-image-999 aligncenter\" src=\"https:\/\/spswierzno.edu.pl\/wp-content\/uploads\/2021\/10\/rozpoczecie-roku-szkolnego2021-2022-300x225.jpg\" alt=\"\" width=\"382\" height=\"286\" srcset=\"https:\/\/spswierzno.edu.pl\/wp-content\/uploads\/2021\/10\/rozpoczecie-roku-szkolnego2021-2022-300x225.jpg 300w, https:\/\/spswierzno.edu.pl\/wp-content\/uploads\/2021\/10\/rozpoczecie-roku-szkolnego2021-2022-1024x768.jpg 1024w, https:\/\/spswierzno.edu.pl\/wp-content\/uploads\/2021\/10\/rozpoczecie-roku-szkolnego2021-2022-768x576.jpg 768w, https:\/\/spswierzno.edu.pl\/wp-content\/uploads\/2021\/10\/rozpoczecie-roku-szkolnego2021-2022-1536x1152.jpg 1536w, https:\/\/spswierzno.edu.pl\/wp-content\/uploads\/2021\/10\/rozpoczecie-roku-szkolnego2021-2022-660x495.jpg 660w, https:\/\/spswierzno.edu.pl\/wp-content\/uploads\/2021\/10\/rozpoczecie-roku-szkolnego2021-2022.jpg 1600w\" sizes=\"(max-width: 382px) 100vw, 382px\" \/><\/div>\n<\/div>\n<\/div>\n<\/div>\n<\/div>\n<\/div>\n","protected":false},"excerpt":{"rendered":"<p>Dzisiaj po dw\u00f3ch miesi\u0105cach b\u0142ogiego odpoczynku zabrzmia\u0142 pierwszy dzwonek w naszej szkole. Na uroczysto\u015b\u0107 rozpocz\u0119cia roku szkolnego 2021\/2022 przybyli uczniowie, nauczyciela, pracownicy obs\u0142ugi i administracji oraz rodzice. Jeste\u015bmy pe\u0142ni nadziei, \u017ce ten nowy rok szkolny b\u0119dzie lepszy od poprzedniego, a nauka stacjonarna b\u0119dzie trwa\u0142a nieprzerwanie a\u017c do nast\u0119pnych wakacji. \u017byczymy wszystkim wspania\u0142ej wsp\u00f3\u0142pracy, zrozumienia, spokoju,\u2026 <span class=\"read-more\"><a href=\"https:\/\/spswierzno.edu.pl\/?p=998\">Dowiedz si\u0119 wi\u0119cej &raquo;<\/a><\/span><\/p>\n","protected":false},"author":1,"featured_media":999,"comment_status":"closed","ping_status":"closed","sticky":false,"template":"","format":"standard","meta":{"ngg_post_thumbnail":0,"footnotes":""},"categories":[6,41,50,37,46,39],"tags":[],"class_list":["post-998","post","type-post","status-publish","format-standard","has-post-thumbnail","hentry","category-aktualnosci","category-dla-rodzicow","category-dla-uczniow","category-swieta","category-szkola","category-wydarzenia"],"_links":{"self":[{"href":"https:\/\/spswierzno.edu.pl\/index.php?rest_route=\/wp\/v2\/posts\/998","targetHints":{"allow":["GET"]}}],"collection":[{"href":"https:\/\/spswierzno.edu.pl\/index.php?rest_route=\/wp\/v2\/posts"}],"about":[{"href":"https:\/\/spswierzno.edu.pl\/index.php?rest_route=\/wp\/v2\/types\/post"}],"author":[{"embeddable":true,"href":"https:\/\/spswierzno.edu.pl\/index.php?rest_route=\/wp\/v2\/users\/1"}],"replies":[{"embeddable":true,"href":"https:\/\/spswierzno.edu.pl\/index.php?rest_route=%2Fwp%2Fv2%2Fcomments&post=998"}],"version-history":[{"count":3,"href":"https:\/\/spswierzno.edu.pl\/index.php?rest_route=\/wp\/v2\/posts\/998\/revisions"}],"predecessor-version":[{"id":1273,"href":"https:\/\/spswierzno.edu.pl\/index.php?rest_route=\/wp\/v2\/posts\/998\/revisions\/1273"}],"wp:featuredmedia":[{"embeddable":true,"href":"https:\/\/spswierzno.edu.pl\/index.php?rest_route=\/wp\/v2\/media\/999"}],"wp:attachment":[{"href":"https:\/\/spswierzno.edu.pl\/index.php?rest_route=%2Fwp%2Fv2%2Fmedia&parent=998"}],"wp:term":[{"taxonomy":"category","embeddable":true,"href":"https:\/\/spswierzno.edu.pl\/index.php?rest_route=%2Fwp%2Fv2%2Fcategories&post=998"},{"taxonomy":"post_tag","embeddable":true,"href":"https:\/\/spswierzno.edu.pl\/index.php?rest_route=%2Fwp%2Fv2%2Ftags&post=998"}],"curies":[{"name":"wp","href":"https:\/\/api.w.org\/{rel}","templated":true}]}}