{"id":855,"date":"2021-09-20T21:45:45","date_gmt":"2021-09-20T21:45:45","guid":{"rendered":"https:\/\/spswierzno.edu.pl\/?p=855"},"modified":"2022-03-28T09:29:11","modified_gmt":"2022-03-28T09:29:11","slug":"dzien-przedszkolaka","status":"publish","type":"post","link":"https:\/\/spswierzno.edu.pl\/?p=855","title":{"rendered":"Dzie\u0144 Przedszkolaka"},"content":{"rendered":"<p>&nbsp;<\/p>\n<p>20 wrze\u015bnia obchodzimy &#8222;Dzie\u0144 Przedszkolaka&#8221;. Nasze maluszki \u015bwi\u0119towa\u0142y na weso\u0142o. By\u0142o malowanie twarzy, zaplatanie warkoczyk\u00f3w, zabawy i ta\u0144ce z chust\u0105 animacyjn\u0105. Dzieci zamieni\u0142y si\u0119 w dzielnych poszukiwaczy s\u0142odko\u015bci. Na zako\u0144czenia dnia dzieci otrzyma\u0142y medale Super przedszkolaka.<\/p>\n<p>Zdj\u0119cia w galerii <a href=\"https:\/\/spswierzno.edu.pl\/index.php\/nggallery\/rok-szkolny-2021-2022\/dzien-przedszkolaka?page_id=981\">&gt;&gt;Zobacz&lt;&lt;<\/a><\/p>\n<p><img fetchpriority=\"high\" decoding=\"async\" class=\"wp-image-995 aligncenter\" src=\"https:\/\/spswierzno.edu.pl\/wp-content\/uploads\/2021\/09\/dzien_przedszkolaka_21_22_10-300x225.jpg\" alt=\"\" width=\"399\" height=\"299\" srcset=\"https:\/\/spswierzno.edu.pl\/wp-content\/uploads\/2021\/09\/dzien_przedszkolaka_21_22_10-300x225.jpg 300w, https:\/\/spswierzno.edu.pl\/wp-content\/uploads\/2021\/09\/dzien_przedszkolaka_21_22_10-768x576.jpg 768w, https:\/\/spswierzno.edu.pl\/wp-content\/uploads\/2021\/09\/dzien_przedszkolaka_21_22_10-660x495.jpg 660w, https:\/\/spswierzno.edu.pl\/wp-content\/uploads\/2021\/09\/dzien_przedszkolaka_21_22_10.jpg 960w\" sizes=\"(max-width: 399px) 100vw, 399px\" \/><\/p>\n","protected":false},"excerpt":{"rendered":"<p>&nbsp; 20 wrze\u015bnia obchodzimy &#8222;Dzie\u0144 Przedszkolaka&#8221;. Nasze maluszki \u015bwi\u0119towa\u0142y na weso\u0142o. By\u0142o malowanie twarzy, zaplatanie warkoczyk\u00f3w, zabawy i ta\u0144ce z chust\u0105 animacyjn\u0105. Dzieci zamieni\u0142y si\u0119 w dzielnych poszukiwaczy s\u0142odko\u015bci. Na zako\u0144czenia dnia dzieci otrzyma\u0142y medale Super przedszkolaka. Zdj\u0119cia w galerii &gt;&gt;Zobacz&lt;&lt;<\/p>\n","protected":false},"author":1,"featured_media":858,"comment_status":"closed","ping_status":"open","sticky":false,"template":"","format":"standard","meta":{"ngg_post_thumbnail":0,"footnotes":""},"categories":[6,43,37,39],"tags":[],"class_list":["post-855","post","type-post","status-publish","format-standard","has-post-thumbnail","hentry","category-aktualnosci","category-przedszkole","category-swieta","category-wydarzenia"],"_links":{"self":[{"href":"https:\/\/spswierzno.edu.pl\/index.php?rest_route=\/wp\/v2\/posts\/855","targetHints":{"allow":["GET"]}}],"collection":[{"href":"https:\/\/spswierzno.edu.pl\/index.php?rest_route=\/wp\/v2\/posts"}],"about":[{"href":"https:\/\/spswierzno.edu.pl\/index.php?rest_route=\/wp\/v2\/types\/post"}],"author":[{"embeddable":true,"href":"https:\/\/spswierzno.edu.pl\/index.php?rest_route=\/wp\/v2\/users\/1"}],"replies":[{"embeddable":true,"href":"https:\/\/spswierzno.edu.pl\/index.php?rest_route=%2Fwp%2Fv2%2Fcomments&post=855"}],"version-history":[{"count":7,"href":"https:\/\/spswierzno.edu.pl\/index.php?rest_route=\/wp\/v2\/posts\/855\/revisions"}],"predecessor-version":[{"id":1274,"href":"https:\/\/spswierzno.edu.pl\/index.php?rest_route=\/wp\/v2\/posts\/855\/revisions\/1274"}],"wp:featuredmedia":[{"embeddable":true,"href":"https:\/\/spswierzno.edu.pl\/index.php?rest_route=\/wp\/v2\/media\/858"}],"wp:attachment":[{"href":"https:\/\/spswierzno.edu.pl\/index.php?rest_route=%2Fwp%2Fv2%2Fmedia&parent=855"}],"wp:term":[{"taxonomy":"category","embeddable":true,"href":"https:\/\/spswierzno.edu.pl\/index.php?rest_route=%2Fwp%2Fv2%2Fcategories&post=855"},{"taxonomy":"post_tag","embeddable":true,"href":"https:\/\/spswierzno.edu.pl\/index.php?rest_route=%2Fwp%2Fv2%2Ftags&post=855"}],"curies":[{"name":"wp","href":"https:\/\/api.w.org\/{rel}","templated":true}]}}