{"id":5316,"date":"2023-10-19T14:55:51","date_gmt":"2023-10-19T14:55:51","guid":{"rendered":"https:\/\/spswierzno.edu.pl\/?p=5316"},"modified":"2023-10-31T09:15:03","modified_gmt":"2023-10-31T09:15:03","slug":"konkurs-recytatorski-barwy-jesieni-2","status":"publish","type":"post","link":"https:\/\/spswierzno.edu.pl\/?p=5316","title":{"rendered":"Konkurs recytatorski &#8222;Barwy jesieni&#8221;"},"content":{"rendered":"<p style=\"text-align: left;\">Konkurs Recytatorski ,,Barwy Jesieni&#8221;<br \/>\nMi\u0142o nam poinformowa\u0107, \u017ce nasi uczniowie godnie reprezentowali szko\u0142\u0119 w konkursie recytatorskim i zaj\u0119li nast\u0119puj\u0105ce miejsca:<br \/>\n\ud83d\udd14 <em><strong>Lena Urbaniak<\/strong><\/em> <strong>I miejsce<\/strong> w kategorii klas I -III<br \/>\n\ud83d\udd14 <strong><em>Zuzia Maciesza<\/em> I miejsce<\/strong> w kategorii klas IV- VI<br \/>\nSerdecznie gratulujemy wszystkim naszym uczniom bior\u0105cym udzia\u0142 w konkursie oraz \u017cyczymy dalszych sukces\u00f3w \ud83d\ude42<\/p>\nngg_shortcode_0_placeholder\n","protected":false},"excerpt":{"rendered":"<p>Konkurs Recytatorski ,,Barwy Jesieni&#8221; Mi\u0142o nam poinformowa\u0107, \u017ce nasi uczniowie godnie reprezentowali szko\u0142\u0119 w konkursie recytatorskim i zaj\u0119li nast\u0119puj\u0105ce miejsca: \ud83d\udd14 Lena Urbaniak I miejsce w kategorii klas I -III \ud83d\udd14 Zuzia Maciesza I miejsce w kategorii klas IV- VI Serdecznie gratulujemy wszystkim naszym uczniom bior\u0105cym udzia\u0142 w konkursie oraz \u017cyczymy dalszych sukces\u00f3w \ud83d\ude42<\/p>\n","protected":false},"author":1,"featured_media":5327,"comment_status":"closed","ping_status":"closed","sticky":false,"template":"","format":"standard","meta":{"ngg_post_thumbnail":0,"footnotes":""},"categories":[6,41,50,38,45,46,39],"tags":[],"class_list":["post-5316","post","type-post","status-publish","format-standard","has-post-thumbnail","hentry","category-aktualnosci","category-dla-rodzicow","category-dla-uczniow","category-konkursy","category-laureaci","category-szkola","category-wydarzenia"],"_links":{"self":[{"href":"https:\/\/spswierzno.edu.pl\/index.php?rest_route=\/wp\/v2\/posts\/5316","targetHints":{"allow":["GET"]}}],"collection":[{"href":"https:\/\/spswierzno.edu.pl\/index.php?rest_route=\/wp\/v2\/posts"}],"about":[{"href":"https:\/\/spswierzno.edu.pl\/index.php?rest_route=\/wp\/v2\/types\/post"}],"author":[{"embeddable":true,"href":"https:\/\/spswierzno.edu.pl\/index.php?rest_route=\/wp\/v2\/users\/1"}],"replies":[{"embeddable":true,"href":"https:\/\/spswierzno.edu.pl\/index.php?rest_route=%2Fwp%2Fv2%2Fcomments&post=5316"}],"version-history":[{"count":1,"href":"https:\/\/spswierzno.edu.pl\/index.php?rest_route=\/wp\/v2\/posts\/5316\/revisions"}],"predecessor-version":[{"id":5328,"href":"https:\/\/spswierzno.edu.pl\/index.php?rest_route=\/wp\/v2\/posts\/5316\/revisions\/5328"}],"wp:featuredmedia":[{"embeddable":true,"href":"https:\/\/spswierzno.edu.pl\/index.php?rest_route=\/wp\/v2\/media\/5327"}],"wp:attachment":[{"href":"https:\/\/spswierzno.edu.pl\/index.php?rest_route=%2Fwp%2Fv2%2Fmedia&parent=5316"}],"wp:term":[{"taxonomy":"category","embeddable":true,"href":"https:\/\/spswierzno.edu.pl\/index.php?rest_route=%2Fwp%2Fv2%2Fcategories&post=5316"},{"taxonomy":"post_tag","embeddable":true,"href":"https:\/\/spswierzno.edu.pl\/index.php?rest_route=%2Fwp%2Fv2%2Ftags&post=5316"}],"curies":[{"name":"wp","href":"https:\/\/api.w.org\/{rel}","templated":true}]}}