{"id":2667,"date":"2022-06-13T14:14:29","date_gmt":"2022-06-13T14:14:29","guid":{"rendered":"https:\/\/spswierzno.edu.pl\/?p=2667"},"modified":"2022-07-12T08:49:58","modified_gmt":"2022-07-12T08:49:58","slug":"2667","status":"publish","type":"post","link":"https:\/\/spswierzno.edu.pl\/?p=2667","title":{"rendered":"Konkurs &#8222;Picture Worterbuch&#8221;"},"content":{"rendered":"<div class=\"\" dir=\"auto\">\n<div id=\"jsc_c_hp\" class=\"ecm0bbzt hv4rvrfc ihqw7lf3 dati1w0a\" data-ad-comet-preview=\"message\" data-ad-preview=\"message\">\n<div class=\"j83agx80 cbu4d94t ew0dbk1b irj2b8pg\">\n<div class=\"qzhwtbm6 knvmm38d\">\n<div class=\"kvgmc6g5 cxmmr5t8 oygrvhab hcukyx3x c1et5uql ii04i59q\">\n<div dir=\"auto\" style=\"text-align: left;\">Dnia 13 czerwca 2022 roku zosta\u0142 rozstrzygni\u0119ty I Powiatowy Konkurs Plastyczno-J\u0119zykowy (j\u0119zyka angielskiego i niemieckiego) \u201ePICTURE W\u00d6RTERBUCH\u201d.<\/div>\n<div dir=\"auto\" style=\"text-align: left;\">Zadaniem uczestnik\u00f3w by\u0142o wykonanie angielsko-niemieckiego s\u0142ownika obrazkowego. Konkurs skierowany by\u0142 dla uczni\u00f3w klas I-III. Komisja wy\u0142oni\u0142a laureat\u00f3w, kt\u00f3rzy wykazali si\u0119 ogromn\u0105 pomys\u0142owo\u015bci\u0105:<\/div>\n<div dir=\"auto\">&nbsp;<\/div>\n<\/div>\n<div class=\"cxmmr5t8 oygrvhab hcukyx3x c1et5uql o9v6fnle ii04i59q\" style=\"text-align: left;\">\n<div dir=\"auto\">Kategoria klas I<\/div>\n<\/div>\n<div class=\"cxmmr5t8 oygrvhab hcukyx3x c1et5uql o9v6fnle ii04i59q\" style=\"text-align: left;\">\n<div dir=\"auto\">I miejsce &#8211; <strong>Tymon Z\u0142otek<\/strong>, Zesp\u00f3\u0142 Szk\u00f3\u0142 w Borowym M\u0142ynie;<\/div>\n<div dir=\"auto\">II miejsce &#8211; <strong>Marcelina Kleist<\/strong>, Szko\u0142a Podstawowa im. Kawaler\u00f3w Orderu U\u015bmiechu w Wa\u0142dowie;<\/div>\n<div dir=\"auto\">III miejsce &#8211; <strong>Klara Rutkowska<\/strong>, Szko\u0142a Podstawowa nr 2 im. Boles\u0142awa Chrobrego.<\/div>\n<div dir=\"auto\">&nbsp;<\/div>\n<\/div>\n<div class=\"cxmmr5t8 oygrvhab hcukyx3x c1et5uql o9v6fnle ii04i59q\" style=\"text-align: left;\">\n<div dir=\"auto\">Kategoria klas II<\/div>\n<\/div>\n<div class=\"cxmmr5t8 oygrvhab hcukyx3x c1et5uql o9v6fnle ii04i59q\" style=\"text-align: left;\">\n<div dir=\"auto\">I miejsce <em>ex aequo<\/em> &#8211; <strong>Marta Literska<\/strong>, Zesp\u00f3\u0142 Szk\u00f3\u0142 w Borowym M\u0142ynie, <strong>Kaja Bodnar<\/strong>, Szko\u0142a Podstawowa nr 2 im. Boles\u0142awa Chrobrego;<\/div>\n<div dir=\"auto\">II miejsce &#8211; <strong>Zuzanna Maciesza<\/strong>, Szko\u0142a Podstawowa im. Henryka Sienkiewicza w \u015awierznie;<\/div>\n<div dir=\"auto\">III miejsce &#8211; <strong>Ksawery \u017bmidzi\u0144ski<\/strong>, Publiczna Szko\u0142a Podstawowa im. Karola Wojty\u0142y w Kamnicy.<\/div>\n<div dir=\"auto\">&nbsp;<\/div>\n<\/div>\n<div class=\"cxmmr5t8 oygrvhab hcukyx3x c1et5uql o9v6fnle ii04i59q\" style=\"text-align: left;\">\n<div dir=\"auto\">Kategoria klas III<\/div>\n<\/div>\n<div class=\"cxmmr5t8 oygrvhab hcukyx3x c1et5uql o9v6fnle ii04i59q\" style=\"text-align: left;\">\n<div dir=\"auto\">I miejsce &#8211; <strong>Antoni Dworakowski<\/strong>, Szko\u0142a Podstawowa im. Henryka Sienkiewicza w \u015awierznie;<\/div>\n<div dir=\"auto\">II miejsce &#8211; <strong>Hanna Olchowik<\/strong>, Szko\u0142a Podstawowa im. Kawaler\u00f3w Orderu U\u015bmiechu w Wa\u0142dowie;<\/div>\n<div dir=\"auto\">III miejsce &#8211; <strong>Lena Zab\u0142ocka<\/strong>, Szko\u0142a Podstawowa im. Henryka Sienkiewicza w \u015awierznie.<\/div>\n<div dir=\"auto\">&nbsp;<\/div>\n<\/div>\n<div class=\"cxmmr5t8 oygrvhab hcukyx3x c1et5uql o9v6fnle ii04i59q\">\n<div dir=\"auto\" style=\"text-align: left;\">\n<p>Serdeczne gratulacje!<\/p>\n<div class=\"n00je7tq arfg74bv qs9ysxi8 k77z8yql i09qtzwb n7fi1qx3 b5wmifdl hzruof5a pmk7jnqg j9ispegn kr520xx4 c5ndavph art1omkt ot9fgl3s\" data-visualcompletion=\"ignore\">&nbsp;<\/div>\n<p>dla wszystkich uczestnik\u00f3w konkursu.<\/p>\n<\/div>\n<div dir=\"auto\" style=\"text-align: left;\">Organizatorzy: <strong>Robert Czarnowski<\/strong>, <strong>Kamilla Szczepa\u0144ska<\/strong>.<\/div>\n<div dir=\"auto\">ngg_shortcode_0_placeholder<\/div>\n<\/div>\n<\/div>\n<\/div>\n<\/div>\n<\/div>\n","protected":false},"excerpt":{"rendered":"<p>Dnia 13 czerwca 2022 roku zosta\u0142 rozstrzygni\u0119ty I Powiatowy Konkurs Plastyczno-J\u0119zykowy (j\u0119zyka angielskiego i niemieckiego) \u201ePICTURE W\u00d6RTERBUCH\u201d. Zadaniem uczestnik\u00f3w by\u0142o wykonanie angielsko-niemieckiego s\u0142ownika obrazkowego. Konkurs skierowany by\u0142 dla uczni\u00f3w klas I-III. Komisja wy\u0142oni\u0142a laureat\u00f3w, kt\u00f3rzy wykazali si\u0119 ogromn\u0105 pomys\u0142owo\u015bci\u0105: &nbsp; Kategoria klas I I miejsce &#8211; Tymon Z\u0142otek, Zesp\u00f3\u0142 Szk\u00f3\u0142 w Borowym M\u0142ynie; II miejsce\u2026 <span class=\"read-more\"><a href=\"https:\/\/spswierzno.edu.pl\/?p=2667\">Dowiedz si\u0119 wi\u0119cej &raquo;<\/a><\/span><\/p>\n","protected":false},"author":1,"featured_media":2681,"comment_status":"closed","ping_status":"closed","sticky":false,"template":"","format":"standard","meta":{"ngg_post_thumbnail":0,"footnotes":""},"categories":[6,50,38,45,46],"tags":[],"class_list":["post-2667","post","type-post","status-publish","format-standard","has-post-thumbnail","hentry","category-aktualnosci","category-dla-uczniow","category-konkursy","category-laureaci","category-szkola"],"_links":{"self":[{"href":"https:\/\/spswierzno.edu.pl\/index.php?rest_route=\/wp\/v2\/posts\/2667","targetHints":{"allow":["GET"]}}],"collection":[{"href":"https:\/\/spswierzno.edu.pl\/index.php?rest_route=\/wp\/v2\/posts"}],"about":[{"href":"https:\/\/spswierzno.edu.pl\/index.php?rest_route=\/wp\/v2\/types\/post"}],"author":[{"embeddable":true,"href":"https:\/\/spswierzno.edu.pl\/index.php?rest_route=\/wp\/v2\/users\/1"}],"replies":[{"embeddable":true,"href":"https:\/\/spswierzno.edu.pl\/index.php?rest_route=%2Fwp%2Fv2%2Fcomments&post=2667"}],"version-history":[{"count":3,"href":"https:\/\/spswierzno.edu.pl\/index.php?rest_route=\/wp\/v2\/posts\/2667\/revisions"}],"predecessor-version":[{"id":2684,"href":"https:\/\/spswierzno.edu.pl\/index.php?rest_route=\/wp\/v2\/posts\/2667\/revisions\/2684"}],"wp:featuredmedia":[{"embeddable":true,"href":"https:\/\/spswierzno.edu.pl\/index.php?rest_route=\/wp\/v2\/media\/2681"}],"wp:attachment":[{"href":"https:\/\/spswierzno.edu.pl\/index.php?rest_route=%2Fwp%2Fv2%2Fmedia&parent=2667"}],"wp:term":[{"taxonomy":"category","embeddable":true,"href":"https:\/\/spswierzno.edu.pl\/index.php?rest_route=%2Fwp%2Fv2%2Fcategories&post=2667"},{"taxonomy":"post_tag","embeddable":true,"href":"https:\/\/spswierzno.edu.pl\/index.php?rest_route=%2Fwp%2Fv2%2Ftags&post=2667"}],"curies":[{"name":"wp","href":"https:\/\/api.w.org\/{rel}","templated":true}]}}