{"id":1825,"date":"2022-03-23T10:26:45","date_gmt":"2022-03-23T10:26:45","guid":{"rendered":"https:\/\/spswierzno.edu.pl\/?p=1825"},"modified":"2022-03-23T10:26:45","modified_gmt":"2022-03-23T10:26:45","slug":"pierwszy-dzien-wiosny-w-naszej-szkole","status":"publish","type":"post","link":"https:\/\/spswierzno.edu.pl\/?p=1825","title":{"rendered":"Pierwszy Dzie\u0144 Wiosny w naszej szkole"},"content":{"rendered":"<p style=\"text-align: left;\"><span class=\"d2edcug0 hpfvmrgz qv66sw1b c1et5uql lr9zc1uh a8c37x1j fe6kdd0r mau55g9w c8b282yb keod5gw0 nxhoafnm aigsh9s9 d3f4x2em iv3no6db jq4qci2q a3bd9o3v b1v8xokw oo9gr5id hzawbc8m\" dir=\"auto\"><strong>Pierwszy Dzie\u0144 Wiosny<\/strong> w naszej szkole tym razem nieco inaczej. Na naszych uczni\u00f3w czeka\u0142o wiele atrakcji. Na pocz\u0105tek Mini lista przeboj\u00f3w, w kt\u00f3rej pochwali\u0107 si\u0119 mogli ch\u0119tni uczniowie. Jury mia\u0142o bardzo twardy orzech do zgryzienia. Bo nasi uczniowi zaprezentowali swoje talenty, a wyb\u00f3r zwyci\u0119zcy nie nale\u017ca\u0142 do \u0142atwych. Do tego plakaty i krzy\u017c\u00f3wki z wiosennymi has\u0142ami. Ale zabrakn\u0105\u0107 nie mog\u0142o przecie\u017c po\u017cegnania zimy oraz przywitania wiosny. Kolorowy poch\u00f3d z Marzannami, w pobli\u017cu szko\u0142y &#8211; ka\u017cda klasa przygotowa\u0142a swoj\u0105 Marzann\u0119, dope\u0142ni\u0142 ca\u0142o\u015bci a kto mia\u0142 ochot\u0119 m\u00f3g\u0142 przejecha\u0107 si\u0119 na koniku. Na zako\u0144czenie przepyszne kie\u0142baski prosto z ogniska. <strong>U\u015bmiech i rado\u015b\u0107 dzieci bezcenne.<\/strong><\/span><\/p>\nngg_shortcode_0_placeholder\n","protected":false},"excerpt":{"rendered":"<p>Pierwszy Dzie\u0144 Wiosny w naszej szkole tym razem nieco inaczej. Na naszych uczni\u00f3w czeka\u0142o wiele atrakcji. Na pocz\u0105tek Mini lista przeboj\u00f3w, w kt\u00f3rej pochwali\u0107 si\u0119 mogli ch\u0119tni uczniowie. Jury mia\u0142o bardzo twardy orzech do zgryzienia. Bo nasi uczniowi zaprezentowali swoje talenty, a wyb\u00f3r zwyci\u0119zcy nie nale\u017ca\u0142 do \u0142atwych. Do tego plakaty i krzy\u017c\u00f3wki z wiosennymi\u2026 <span class=\"read-more\"><a href=\"https:\/\/spswierzno.edu.pl\/?p=1825\">Dowiedz si\u0119 wi\u0119cej &raquo;<\/a><\/span><\/p>\n","protected":false},"author":1,"featured_media":1865,"comment_status":"closed","ping_status":"closed","sticky":false,"template":"","format":"standard","meta":{"ngg_post_thumbnail":0,"footnotes":""},"categories":[6,37,39],"tags":[],"class_list":["post-1825","post","type-post","status-publish","format-standard","has-post-thumbnail","hentry","category-aktualnosci","category-swieta","category-wydarzenia"],"_links":{"self":[{"href":"https:\/\/spswierzno.edu.pl\/index.php?rest_route=\/wp\/v2\/posts\/1825","targetHints":{"allow":["GET"]}}],"collection":[{"href":"https:\/\/spswierzno.edu.pl\/index.php?rest_route=\/wp\/v2\/posts"}],"about":[{"href":"https:\/\/spswierzno.edu.pl\/index.php?rest_route=\/wp\/v2\/types\/post"}],"author":[{"embeddable":true,"href":"https:\/\/spswierzno.edu.pl\/index.php?rest_route=\/wp\/v2\/users\/1"}],"replies":[{"embeddable":true,"href":"https:\/\/spswierzno.edu.pl\/index.php?rest_route=%2Fwp%2Fv2%2Fcomments&post=1825"}],"version-history":[{"count":1,"href":"https:\/\/spswierzno.edu.pl\/index.php?rest_route=\/wp\/v2\/posts\/1825\/revisions"}],"predecessor-version":[{"id":1866,"href":"https:\/\/spswierzno.edu.pl\/index.php?rest_route=\/wp\/v2\/posts\/1825\/revisions\/1866"}],"wp:featuredmedia":[{"embeddable":true,"href":"https:\/\/spswierzno.edu.pl\/index.php?rest_route=\/wp\/v2\/media\/1865"}],"wp:attachment":[{"href":"https:\/\/spswierzno.edu.pl\/index.php?rest_route=%2Fwp%2Fv2%2Fmedia&parent=1825"}],"wp:term":[{"taxonomy":"category","embeddable":true,"href":"https:\/\/spswierzno.edu.pl\/index.php?rest_route=%2Fwp%2Fv2%2Fcategories&post=1825"},{"taxonomy":"post_tag","embeddable":true,"href":"https:\/\/spswierzno.edu.pl\/index.php?rest_route=%2Fwp%2Fv2%2Ftags&post=1825"}],"curies":[{"name":"wp","href":"https:\/\/api.w.org\/{rel}","templated":true}]}}