{"id":1710,"date":"2022-03-10T10:06:26","date_gmt":"2022-03-10T10:06:26","guid":{"rendered":"https:\/\/spswierzno.edu.pl\/?p=1710"},"modified":"2022-03-16T07:55:04","modified_gmt":"2022-03-16T07:55:04","slug":"rozstrzygniecie-wojewodzkiego-konkursu-pt-bezpieczne-ferie-znaki-drogowe-na-naszej-drodze","status":"publish","type":"post","link":"https:\/\/spswierzno.edu.pl\/?p=1710","title":{"rendered":"Rozstrzygni\u0119cie Wojew\u00f3dzkiego Konkursu pt. &#8222;Bezpieczne ferie. Znaki drogowe na naszej drodze&#8221;"},"content":{"rendered":"<div class=\"kvgmc6g5 cxmmr5t8 oygrvhab hcukyx3x c1et5uql ii04i59q\">\n<div dir=\"auto\" style=\"text-align: left;\">Dnia 17.02.2022 r. odby\u0142o si\u0119 rozstrzygni\u0119cie Wojew\u00f3dzkiego Konkursu Plastycznego pt. &#8222;Bezpieczne ferie. Znaki drogowe na naszej drodze&#8221;.<\/div>\n<div dir=\"auto\" style=\"text-align: left;\">Organizatorem konkursu by\u0142a <a class=\"oajrlxb2 g5ia77u1 qu0x051f esr5mh6w e9989ue4 r7d6kgcz rq0escxv nhd2j8a9 nc684nl6 p7hjln8o kvgmc6g5 cxmmr5t8 oygrvhab hcukyx3x jb3vyjys rz4wbd8a qt6c0cv9 a8nywdso i1ao9s8h esuyzwwr f1sip0of lzcic4wl gpro0wi8 q66pz984 b1v8xokw\" tabindex=\"0\" role=\"link\" href=\"https:\/\/www.facebook.com\/profile.php?id=100063487445208&amp;__cft__[0]=AZUTPkuHFQWHrJ6v3MNwF0A6ogtqHRY6_kZC7qlC7NZaxYl9pOhmtKRCVx7aje7DFtPWVk0GzFWlEoFRj6u_ppVZr54jUyHLKNdPCcBdFaEkNXELuRBIxkhx8cxRsgtMAxWmygBFbf2ley3U57ghg6jv&amp;__tn__=-]K-R\"><span class=\"nc684nl6\">Szko\u0142a Podstawowa im. Henryka Sienkiewicza w \u015awierznie<\/span><\/a>. Osobami odpowiedzialnymi za prawid\u0142owy przebieg konkursu by\u0142y nauczycielki: Joanna Pliskowska i Bogumi\u0142a Grymbowska.<\/div>\n<div dir=\"auto\" style=\"text-align: left;\">Na konkurs przys\u0142ano 209 prac plastycznych z dwudziestu pi\u0119ciu szk\u00f3\u0142 podstawowych.<\/div>\n<div dir=\"auto\">&nbsp;<\/div>\n<\/div>\n<div class=\"cxmmr5t8 oygrvhab hcukyx3x c1et5uql o9v6fnle ii04i59q\">\n<div dir=\"auto\" style=\"text-align: left;\">Komisja konkursowa przyzna\u0142a:<\/div>\n<div dir=\"auto\" style=\"text-align: left;\">\n<div class=\"cxmmr5t8 oygrvhab hcukyx3x c1et5uql o9v6fnle ii04i59q\">\n<div dir=\"auto\">I miejsce:<\/div>\n<div dir=\"auto\"><span class=\"pq6dq46d tbxw36s4 knj5qynh kvgmc6g5 ditlmg2l oygrvhab nvdbi5me sf5mxxl7 gl3lb2sf hhz5lgdu\"><img decoding=\"async\" src=\"https:\/\/static.xx.fbcdn.net\/images\/emoji.php\/v9\/ted\/1.5\/16\/1f947.png\" alt=\"?\" width=\"16\" height=\"16\"><\/span> Alicja Pob\u0142ocka &#8211; Szko\u0142a Podstawowa w Redkowicach<\/div>\n<div dir=\"auto\"><span class=\"pq6dq46d tbxw36s4 knj5qynh kvgmc6g5 ditlmg2l oygrvhab nvdbi5me sf5mxxl7 gl3lb2sf hhz5lgdu\"><img decoding=\"async\" src=\"https:\/\/static.xx.fbcdn.net\/images\/emoji.php\/v9\/ted\/1.5\/16\/1f947.png\" alt=\"?\" width=\"16\" height=\"16\"><\/span>Joanna Toru\u0144czak &#8211; Zesp\u00f3\u0142 Szkolno -Przedszkolny w Nowym Klinczu<\/div>\n<div dir=\"auto\"><span class=\"pq6dq46d tbxw36s4 knj5qynh kvgmc6g5 ditlmg2l oygrvhab nvdbi5me sf5mxxl7 gl3lb2sf hhz5lgdu\"><img decoding=\"async\" src=\"https:\/\/static.xx.fbcdn.net\/images\/emoji.php\/v9\/ted\/1.5\/16\/1f947.png\" alt=\"?\" width=\"16\" height=\"16\"><\/span>Julia Stasiukiewicz &#8211; Szko\u0142a Podstawowa im. Ignacego Krasickiewgo w Malborku<\/div>\n<\/div>\n<div class=\"cxmmr5t8 oygrvhab hcukyx3x c1et5uql o9v6fnle ii04i59q\">\n<div dir=\"auto\">II miejsce:<\/div>\n<div dir=\"auto\"><span class=\"pq6dq46d tbxw36s4 knj5qynh kvgmc6g5 ditlmg2l oygrvhab nvdbi5me sf5mxxl7 gl3lb2sf hhz5lgdu\"><img decoding=\"async\" src=\"https:\/\/static.xx.fbcdn.net\/images\/emoji.php\/v9\/t6e\/1.5\/16\/1f948.png\" alt=\"?\" width=\"16\" height=\"16\"><\/span> Aniela Zmuda Trzebiatowska &#8211; Zesp\u00f3\u0142 szk\u00f3\u0142 im. Jana III Sobieskiego w Brze\u017anie Szlacheckiem<\/div>\n<div dir=\"auto\"><span class=\"pq6dq46d tbxw36s4 knj5qynh kvgmc6g5 ditlmg2l oygrvhab nvdbi5me sf5mxxl7 gl3lb2sf hhz5lgdu\"><img decoding=\"async\" src=\"https:\/\/static.xx.fbcdn.net\/images\/emoji.php\/v9\/t6e\/1.5\/16\/1f948.png\" alt=\"?\" width=\"16\" height=\"16\"><\/span> Jowita Durbas &#8211; Szko\u0142a Podstawowa im. Genera\u0142a J\u00f3zefa Wybickiego w Gostkowie.<\/div>\n<div dir=\"auto\"><span class=\"pq6dq46d tbxw36s4 knj5qynh kvgmc6g5 ditlmg2l oygrvhab nvdbi5me sf5mxxl7 gl3lb2sf hhz5lgdu\"><img decoding=\"async\" src=\"https:\/\/static.xx.fbcdn.net\/images\/emoji.php\/v9\/t6e\/1.5\/16\/1f948.png\" alt=\"?\" width=\"16\" height=\"16\"><\/span> Agata Ciemi\u0144ska -Zesp\u00f3\u0142 Szk\u00f3\u0142 Publicznych w Konarzynach<\/div>\n<\/div>\n<div class=\"cxmmr5t8 oygrvhab hcukyx3x c1et5uql o9v6fnle ii04i59q\">\n<div dir=\"auto\">III miejsce:<\/div>\n<\/div>\n<div class=\"cxmmr5t8 oygrvhab hcukyx3x c1et5uql o9v6fnle ii04i59q\">\n<div dir=\"auto\"><span class=\"pq6dq46d tbxw36s4 knj5qynh kvgmc6g5 ditlmg2l oygrvhab nvdbi5me sf5mxxl7 gl3lb2sf hhz5lgdu\"><img decoding=\"async\" src=\"https:\/\/static.xx.fbcdn.net\/images\/emoji.php\/v9\/tef\/1.5\/16\/1f949.png\" alt=\"?\" width=\"16\" height=\"16\"><\/span> Klara Chamier Gliszczy\u0144ska &#8211; Szko\u0142a Podstawowa im. Marsza\u0142ka J\u00f3zefa Pi\u0142sudskiego w Niezabyszewie z fili\u0105 w Rekowie<\/div>\n<div dir=\"auto\"><span class=\"pq6dq46d tbxw36s4 knj5qynh kvgmc6g5 ditlmg2l oygrvhab nvdbi5me sf5mxxl7 gl3lb2sf hhz5lgdu\"><img decoding=\"async\" src=\"https:\/\/static.xx.fbcdn.net\/images\/emoji.php\/v9\/tef\/1.5\/16\/1f949.png\" alt=\"?\" width=\"16\" height=\"16\"><\/span> Jacek Szczepa\u0144ski &#8211; <a class=\"oajrlxb2 g5ia77u1 qu0x051f esr5mh6w e9989ue4 r7d6kgcz rq0escxv nhd2j8a9 nc684nl6 p7hjln8o kvgmc6g5 cxmmr5t8 oygrvhab hcukyx3x jb3vyjys rz4wbd8a qt6c0cv9 a8nywdso i1ao9s8h esuyzwwr f1sip0of lzcic4wl gpro0wi8 q66pz984 b1v8xokw\" tabindex=\"0\" role=\"link\" href=\"https:\/\/www.facebook.com\/profile.php?id=100063487445208&amp;__cft__[0]=AZUTPkuHFQWHrJ6v3MNwF0A6ogtqHRY6_kZC7qlC7NZaxYl9pOhmtKRCVx7aje7DFtPWVk0GzFWlEoFRj6u_ppVZr54jUyHLKNdPCcBdFaEkNXELuRBIxkhx8cxRsgtMAxWmygBFbf2ley3U57ghg6jv&amp;__tn__=-]K-R\"><span class=\"nc684nl6\">Szko\u0142a Podstawowa im. Henryka Sienkiewicza w \u015awierznie<\/span><\/a><\/div>\n<div dir=\"auto\"><span class=\"pq6dq46d tbxw36s4 knj5qynh kvgmc6g5 ditlmg2l oygrvhab nvdbi5me sf5mxxl7 gl3lb2sf hhz5lgdu\"><img decoding=\"async\" src=\"https:\/\/static.xx.fbcdn.net\/images\/emoji.php\/v9\/tef\/1.5\/16\/1f949.png\" alt=\"?\" width=\"16\" height=\"16\"><\/span> Aleksandra Rolbiecka &#8211; Szko\u0142a Podstawowa im. Ks. Antoniego Pepli\u0144skiego w Studzeinicach<\/div>\n<\/div>\n<div class=\"cxmmr5t8 oygrvhab hcukyx3x c1et5uql o9v6fnle ii04i59q\">\n<div dir=\"auto\">Wyr\u00f3\u017cnienia:<\/div>\n<div dir=\"auto\"><span class=\"pq6dq46d tbxw36s4 knj5qynh kvgmc6g5 ditlmg2l oygrvhab nvdbi5me sf5mxxl7 gl3lb2sf hhz5lgdu\"><img loading=\"lazy\" decoding=\"async\" src=\"https:\/\/static.xx.fbcdn.net\/images\/emoji.php\/v9\/t96\/1.5\/16\/1f3c5.png\" alt=\"?\" width=\"16\" height=\"16\"><\/span> Hanna Gajewska &#8211; Publiczna Szko\u0142a Podstawowa im. Karola Wojty\u0142y w Kamnicy<\/div>\n<div dir=\"auto\"><span class=\"pq6dq46d tbxw36s4 knj5qynh kvgmc6g5 ditlmg2l oygrvhab nvdbi5me sf5mxxl7 gl3lb2sf hhz5lgdu\"><img loading=\"lazy\" decoding=\"async\" src=\"https:\/\/static.xx.fbcdn.net\/images\/emoji.php\/v9\/t96\/1.5\/16\/1f3c5.png\" alt=\"?\" width=\"16\" height=\"16\"><\/span> Wiktoria Pietro\u0142aj &#8211; Szko\u0142a Podstawowa w S\u0142osinku<\/div>\n<div dir=\"auto\"><span class=\"pq6dq46d tbxw36s4 knj5qynh kvgmc6g5 ditlmg2l oygrvhab nvdbi5me sf5mxxl7 gl3lb2sf hhz5lgdu\"><img loading=\"lazy\" decoding=\"async\" src=\"https:\/\/static.xx.fbcdn.net\/images\/emoji.php\/v9\/t96\/1.5\/16\/1f3c5.png\" alt=\"?\" width=\"16\" height=\"16\"><\/span> Ignacy Szweda &#8211; Szko\u0142a Podstawowa im. Polskich Noblist\u00f3w w Dretyniu<\/div>\n<div dir=\"auto\"><span class=\"pq6dq46d tbxw36s4 knj5qynh kvgmc6g5 ditlmg2l oygrvhab nvdbi5me sf5mxxl7 gl3lb2sf hhz5lgdu\"><img loading=\"lazy\" decoding=\"async\" src=\"https:\/\/static.xx.fbcdn.net\/images\/emoji.php\/v9\/t96\/1.5\/16\/1f3c5.png\" alt=\"?\" width=\"16\" height=\"16\"><\/span> Sandra Je\u017cak &#8211; Szko\u0142a Podstawowa nr 1 im. Miko\u0142aja Kopernika w Miastku<\/div>\n<\/div>\n<\/div>\n<\/div>\n<div dir=\"auto\">\n<div class=\"cxmmr5t8 oygrvhab hcukyx3x c1et5uql o9v6fnle ii04i59q\" style=\"text-align: left;\">\n<div dir=\"auto\">Fundatorem nagr\u00f3d jest Urz\u0105d miejski w Miastku oraz <a class=\"oajrlxb2 g5ia77u1 qu0x051f esr5mh6w e9989ue4 r7d6kgcz rq0escxv nhd2j8a9 nc684nl6 p7hjln8o kvgmc6g5 cxmmr5t8 oygrvhab hcukyx3x jb3vyjys rz4wbd8a qt6c0cv9 a8nywdso i1ao9s8h esuyzwwr f1sip0of lzcic4wl gpro0wi8 q66pz984 b1v8xokw\" tabindex=\"0\" role=\"link\" href=\"https:\/\/www.facebook.com\/profile.php?id=100063487445208&amp;__cft__[0]=AZUTPkuHFQWHrJ6v3MNwF0A6ogtqHRY6_kZC7qlC7NZaxYl9pOhmtKRCVx7aje7DFtPWVk0GzFWlEoFRj6u_ppVZr54jUyHLKNdPCcBdFaEkNXELuRBIxkhx8cxRsgtMAxWmygBFbf2ley3U57ghg6jv&amp;__tn__=-]K-R\"><span class=\"nc684nl6\">Szko\u0142a Podstawowa im. Henryka Sienkiewicza w \u015awierznie<\/span><\/a>.<\/div>\n<\/div>\n<div class=\"cxmmr5t8 oygrvhab hcukyx3x c1et5uql o9v6fnle ii04i59q\">\n<div dir=\"auto\" style=\"text-align: left;\">Serdecznie dzi\u0119kujemy wszystkim dzieciom oraz ich opiekunom za udzia\u0142 w konkursie!!! Zapraszamy ju\u017c dzi\u015b do udzia\u0142u w nast\u0119pnej edycji ( za rok).<\/div>\n<\/div>\n<div dir=\"auto\">ngg_shortcode_0_placeholder<\/div>\n<\/div>\n<div class=\"cxmmr5t8 oygrvhab hcukyx3x c1et5uql o9v6fnle ii04i59q\">\n<div dir=\"auto\">&nbsp;<\/div>\n<div dir=\"auto\">&nbsp;<\/div>\n<\/div>\n","protected":false},"excerpt":{"rendered":"<p>Dnia 17.02.2022 r. odby\u0142o si\u0119 rozstrzygni\u0119cie Wojew\u00f3dzkiego Konkursu Plastycznego pt. &#8222;Bezpieczne ferie. Znaki drogowe na naszej drodze&#8221;. Organizatorem konkursu by\u0142a Szko\u0142a Podstawowa im. Henryka Sienkiewicza w \u015awierznie. Osobami odpowiedzialnymi za prawid\u0142owy przebieg konkursu by\u0142y nauczycielki: Joanna Pliskowska i Bogumi\u0142a Grymbowska. Na konkurs przys\u0142ano 209 prac plastycznych z dwudziestu pi\u0119ciu szk\u00f3\u0142 podstawowych. &nbsp; Komisja konkursowa przyzna\u0142a:\u2026 <span class=\"read-more\"><a href=\"https:\/\/spswierzno.edu.pl\/?p=1710\">Dowiedz si\u0119 wi\u0119cej &raquo;<\/a><\/span><\/p>\n","protected":false},"author":1,"featured_media":1723,"comment_status":"closed","ping_status":"closed","sticky":false,"template":"","format":"standard","meta":{"ngg_post_thumbnail":0,"footnotes":""},"categories":[6,38],"tags":[],"class_list":["post-1710","post","type-post","status-publish","format-standard","has-post-thumbnail","hentry","category-aktualnosci","category-konkursy"],"_links":{"self":[{"href":"https:\/\/spswierzno.edu.pl\/index.php?rest_route=\/wp\/v2\/posts\/1710","targetHints":{"allow":["GET"]}}],"collection":[{"href":"https:\/\/spswierzno.edu.pl\/index.php?rest_route=\/wp\/v2\/posts"}],"about":[{"href":"https:\/\/spswierzno.edu.pl\/index.php?rest_route=\/wp\/v2\/types\/post"}],"author":[{"embeddable":true,"href":"https:\/\/spswierzno.edu.pl\/index.php?rest_route=\/wp\/v2\/users\/1"}],"replies":[{"embeddable":true,"href":"https:\/\/spswierzno.edu.pl\/index.php?rest_route=%2Fwp%2Fv2%2Fcomments&post=1710"}],"version-history":[{"count":4,"href":"https:\/\/spswierzno.edu.pl\/index.php?rest_route=\/wp\/v2\/posts\/1710\/revisions"}],"predecessor-version":[{"id":1730,"href":"https:\/\/spswierzno.edu.pl\/index.php?rest_route=\/wp\/v2\/posts\/1710\/revisions\/1730"}],"wp:featuredmedia":[{"embeddable":true,"href":"https:\/\/spswierzno.edu.pl\/index.php?rest_route=\/wp\/v2\/media\/1723"}],"wp:attachment":[{"href":"https:\/\/spswierzno.edu.pl\/index.php?rest_route=%2Fwp%2Fv2%2Fmedia&parent=1710"}],"wp:term":[{"taxonomy":"category","embeddable":true,"href":"https:\/\/spswierzno.edu.pl\/index.php?rest_route=%2Fwp%2Fv2%2Fcategories&post=1710"},{"taxonomy":"post_tag","embeddable":true,"href":"https:\/\/spswierzno.edu.pl\/index.php?rest_route=%2Fwp%2Fv2%2Ftags&post=1710"}],"curies":[{"name":"wp","href":"https:\/\/api.w.org\/{rel}","templated":true}]}}