{"id":1451,"date":"2021-11-10T12:41:33","date_gmt":"2021-11-10T12:41:33","guid":{"rendered":"https:\/\/spswierzno.edu.pl\/?p=1451"},"modified":"2022-03-28T09:07:17","modified_gmt":"2022-03-28T09:07:17","slug":"szkola-do-hymnu","status":"publish","type":"post","link":"https:\/\/spswierzno.edu.pl\/?p=1451","title":{"rendered":"\u201eSzko\u0142a do hymnu\u201d"},"content":{"rendered":"<p>Ju\u017c po raz czwarty nasz szko\u0142a uczestniczy\u0142a w akcji \u201eSzko\u0142a do hymnu\u201d. Dzie\u0144 przed Narodowym \u015awi\u0119tem Niepodleg\u0142o\u015bci, <strong>\u015broda, 10 listopada <\/strong>o symbolicznej <strong>godzinie 11:11<\/strong> za\u015bpiewali\u015bmy \u201eMazurka D\u0105browskiego\u201d. W ten spos\u00f3b chcemy w\u0142\u0105czy\u0107 spo\u0142eczno\u015bci szkolne we wsp\u00f3lne \u015bwi\u0119towanie kolejnej rocznicy odzyskania przez Polsk\u0119 niepodleg\u0142o\u015bci.<\/p>\n<p>W tym uroczystym dla nas dniu ca\u0142a spo\u0142eczno\u015b\u0107 szkolna uczestniczy\u0142a r\u00f3wnie\u017c w uroczystym apelu po\u015bwi\u0119conym 103. rocznicy odzyskania niepodleg\u0142o\u015bci.<\/p>\n<div class=\"\" dir=\"auto\">\n<div id=\"jsc_c_2pl\" class=\"ecm0bbzt hv4rvrfc ihqw7lf3 dati1w0a\" data-ad-comet-preview=\"message\" data-ad-preview=\"message\">\n<div class=\"j83agx80 cbu4d94t ew0dbk1b irj2b8pg\">\n<div class=\"qzhwtbm6 knvmm38d\">\n<div class=\"kvgmc6g5 cxmmr5t8 oygrvhab hcukyx3x c1et5uql ii04i59q\">\n<div dir=\"auto\">Jedenasty listopada to symbol mi\u0142o\u015bci do ojczyzny, walki o wolno\u015b\u0107, symbol wiary i zwyci\u0119stwa. Polska by\u0142a w niewoli i po prostu nie istnia\u0142a, nie by\u0142o jej na mapie ponad wiek, dok\u0142adnie 123 lata.<\/div>\n<div dir=\"auto\">By\u0142y to czasy zabor\u00f3w: Austria, Prusy i Rosja Polsk\u0119 z mapy wymaza\u0142y, urz\u0119dy i szko\u0142y lud\u017ami swymi obsadza\u0142y.<\/div>\n<div dir=\"auto\">Polska przesta\u0142a istnie\u0107 jako pa\u0144stwo, ale nie przesta\u0142a istnie\u0107 jako nar\u00f3d Polski.<\/div>\n<div dir=\"auto\">\u017by\u0142 jednak polski nar\u00f3d i jego kultura. Polakom, naszym pradziadom, bardzo zale\u017ca\u0142o na tym, aby\u015bmy mogli \u017cy\u0107 w wolnym kraju. Dzi\u0119ki patriotycznemu sercu naszych pradziad\u00f3w najcenniejsze warto\u015bci zosta\u0142y uratowane.<\/div>\n<div dir=\"auto\">Uczniowie klasy trzeciej zabrali nas na lekcj\u0119 historii, kt\u00f3r\u0105 przygotowali specjalnie z okazji odzyskania przez Polsk\u0119 niepodleg\u0142o\u015bci jedenastego listopada.<\/div>\n<\/div>\n<\/div>\n<\/div>\n<\/div>\n<\/div>\n<p>\u201eSzko\u0142a do hymnu\u201d to kontynuacja akcji, kt\u00f3ra rozpocz\u0119\u0142a si\u0119 w 2018 r. Od pocz\u0105tku cieszy si\u0119 ona ogromnym zainteresowaniem uczni\u00f3w i nauczycieli. Do akcji zawsze w\u0142\u0105cza\u0142y si\u0119 tak\u017ce plac\u00f3wki polonijne z ca\u0142ego \u015bwiata.<\/p>\n<p>W 2018 r. wsp\u00f3lne \u015bpiewanie \u201eMazurka D\u0105browskiego\u201d odby\u0142o si\u0119 pod has\u0142em \u201eRekord dla Niepodleg\u0142ej\u201d. W akcji uczestniczy\u0142o blisko 5 mln uczni\u00f3w (4 867 937) i prawie 480 tys. nauczycieli (475 235) w 24 439 przedszkolach, szko\u0142ach i plac\u00f3wkach. Dodatkowo w akcj\u0119 zaanga\u017cowa\u0142o si\u0119 prawie 14 tys. uczni\u00f3w (13 702) oraz 1 055 nauczycieli ze 109 szk\u00f3\u0142 polonijnych z ca\u0142ego \u015bwiata.<\/p>\n<p>W roku 2019 hymn za\u015bpiewa\u0142o 4 121 529 uczni\u00f3w oraz 405 399 nauczycieli w ca\u0142ej Polsce. \u0141\u0105cznie sw\u00f3j udzia\u0142 w akcji zg\u0142osi\u0142o 20 475 szk\u00f3\u0142 z ca\u0142ego kraju oraz ponad 100 plac\u00f3wek polonijnych. W roku 2020 \u2013 mimo trwaj\u0105cej epidemii i nauki na odleg\u0142o\u015b\u0107 \u2013 do akcji w r\u00f3\u017cnej formie przyst\u0105pi\u0142o w sumie 16 269 szk\u00f3\u0142, przedszkoli i plac\u00f3wek o\u015bwiatowych z ca\u0142ego kraju oraz 134 plac\u00f3wki polonijne.<\/p>\n<p><img fetchpriority=\"high\" decoding=\"async\" class=\"aligncenter size-large wp-image-1452\" src=\"https:\/\/spswierzno.edu.pl\/wp-content\/uploads\/2021\/12\/IMG_4403-1024x683.jpg\" alt=\"\" width=\"665\" height=\"444\" srcset=\"https:\/\/spswierzno.edu.pl\/wp-content\/uploads\/2021\/12\/IMG_4403-1024x683.jpg 1024w, https:\/\/spswierzno.edu.pl\/wp-content\/uploads\/2021\/12\/IMG_4403-300x200.jpg 300w, https:\/\/spswierzno.edu.pl\/wp-content\/uploads\/2021\/12\/IMG_4403-768x512.jpg 768w, https:\/\/spswierzno.edu.pl\/wp-content\/uploads\/2021\/12\/IMG_4403-1536x1024.jpg 1536w, https:\/\/spswierzno.edu.pl\/wp-content\/uploads\/2021\/12\/IMG_4403-2048x1365.jpg 2048w, https:\/\/spswierzno.edu.pl\/wp-content\/uploads\/2021\/12\/IMG_4403-660x440.jpg 660w\" sizes=\"(max-width: 665px) 100vw, 665px\" \/><\/p>\n","protected":false},"excerpt":{"rendered":"<p>Ju\u017c po raz czwarty nasz szko\u0142a uczestniczy\u0142a w akcji \u201eSzko\u0142a do hymnu\u201d. Dzie\u0144 przed Narodowym \u015awi\u0119tem Niepodleg\u0142o\u015bci, \u015broda, 10 listopada o symbolicznej godzinie 11:11 za\u015bpiewali\u015bmy \u201eMazurka D\u0105browskiego\u201d. W ten spos\u00f3b chcemy w\u0142\u0105czy\u0107 spo\u0142eczno\u015bci szkolne we wsp\u00f3lne \u015bwi\u0119towanie kolejnej rocznicy odzyskania przez Polsk\u0119 niepodleg\u0142o\u015bci. W tym uroczystym dla nas dniu ca\u0142a spo\u0142eczno\u015b\u0107 szkolna uczestniczy\u0142a r\u00f3wnie\u017c w\u2026 <span class=\"read-more\"><a href=\"https:\/\/spswierzno.edu.pl\/?p=1451\">Dowiedz si\u0119 wi\u0119cej &raquo;<\/a><\/span><\/p>\n","protected":false},"author":1,"featured_media":1463,"comment_status":"closed","ping_status":"closed","sticky":false,"template":"","format":"standard","meta":{"ngg_post_thumbnail":0,"footnotes":""},"categories":[6,37,39],"tags":[],"class_list":["post-1451","post","type-post","status-publish","format-standard","has-post-thumbnail","hentry","category-aktualnosci","category-swieta","category-wydarzenia"],"_links":{"self":[{"href":"https:\/\/spswierzno.edu.pl\/index.php?rest_route=\/wp\/v2\/posts\/1451","targetHints":{"allow":["GET"]}}],"collection":[{"href":"https:\/\/spswierzno.edu.pl\/index.php?rest_route=\/wp\/v2\/posts"}],"about":[{"href":"https:\/\/spswierzno.edu.pl\/index.php?rest_route=\/wp\/v2\/types\/post"}],"author":[{"embeddable":true,"href":"https:\/\/spswierzno.edu.pl\/index.php?rest_route=\/wp\/v2\/users\/1"}],"replies":[{"embeddable":true,"href":"https:\/\/spswierzno.edu.pl\/index.php?rest_route=%2Fwp%2Fv2%2Fcomments&post=1451"}],"version-history":[{"count":3,"href":"https:\/\/spswierzno.edu.pl\/index.php?rest_route=\/wp\/v2\/posts\/1451\/revisions"}],"predecessor-version":[{"id":1465,"href":"https:\/\/spswierzno.edu.pl\/index.php?rest_route=\/wp\/v2\/posts\/1451\/revisions\/1465"}],"wp:featuredmedia":[{"embeddable":true,"href":"https:\/\/spswierzno.edu.pl\/index.php?rest_route=\/wp\/v2\/media\/1463"}],"wp:attachment":[{"href":"https:\/\/spswierzno.edu.pl\/index.php?rest_route=%2Fwp%2Fv2%2Fmedia&parent=1451"}],"wp:term":[{"taxonomy":"category","embeddable":true,"href":"https:\/\/spswierzno.edu.pl\/index.php?rest_route=%2Fwp%2Fv2%2Fcategories&post=1451"},{"taxonomy":"post_tag","embeddable":true,"href":"https:\/\/spswierzno.edu.pl\/index.php?rest_route=%2Fwp%2Fv2%2Ftags&post=1451"}],"curies":[{"name":"wp","href":"https:\/\/api.w.org\/{rel}","templated":true}]}}