{"id":12513,"date":"2026-08-17T09:49:54","date_gmt":"2026-08-17T09:49:54","guid":{"rendered":"https:\/\/spswierzno.edu.pl\/?p=12513"},"modified":"2026-08-17T09:50:50","modified_gmt":"2026-08-17T09:50:50","slug":"rekrutacja-uzupelniajaca-do-klasy-pierwszej","status":"publish","type":"post","link":"https:\/\/spswierzno.edu.pl\/?p=12513","title":{"rendered":"Rekrutacja uzupe\u0142niaj\u0105ca do klasy pierwszej"},"content":{"rendered":"<p>Uwaga Rodzice przysz\u0142ych pierwszoklasist\u00f3w.<\/p>\n<p>&nbsp;<\/p>\n<p><strong>17 sierpnia2026 r.<\/strong> rozpoczyna si\u0119 w naszej szkole <strong>rekrutacja uzupe\u0142niajaca uczni\u00f3w do klas pierwszych<\/strong> na <strong>rok szkolny 2026\/2027<\/strong>.<\/p>\n<p>&nbsp;<\/p>\n<p>Rekrutacja przebiega elektronicznie, czyli:<\/p>\n<ol>\n<li>Nale\u017cy wype\u0142ni\u0107 <strong>wniosek online<\/strong> (formularz rejestracji poni\u017cej)<\/li>\n<\/ol>\n<p><a href=\"https:\/\/gminamiastko.esrds.pl\/register.php\">https:\/\/gminamiastko.esrds.pl\/register.php<\/a><\/p>\n<ol start=\"2\">\n<li>Po wype\u0142nieniu wniosku online trzeba go <strong>wydrukowa\u0107 i podpisa\u0107<\/strong>.<\/li>\n<li>Podpisany wniosek prosz\u0119 <strong>przynie\u015b\u0107 do sekretariatu szko\u0142y<\/strong> wraz <strong>z wymaganymi dokumentami<\/strong>.<\/li>\n<\/ol>\n<p>&nbsp;<\/p>\n<p><strong>Formularz rejestracji online dost\u0119pny tutaj:<\/strong><\/p>\n<p><a href=\"https:\/\/gminamiastko.esrds.pl\/register.php\">https:\/\/gminamiastko.esrds.pl\/register.php<\/a><\/p>\n<p>&nbsp;<\/p>\n<p>Harmonogram rekrutacji:<\/p>\n<p><strong>17\u201321 sierpnia<\/strong> \u2013 <strong>sk\u0142adanie<\/strong> wniosk\u00f3w <strong>online<\/strong> i papierowo <strong>do 15.00<\/strong><\/p>\n<p>&nbsp; <strong>do <\/strong><strong>25 sierpnia<\/strong> \u2013 <strong>publikacja listy<\/strong> zakwalifikowanych i niezakwalifikowanych kandydat\u00f3w<\/p>\n<p>&nbsp; <strong>do<\/strong> <strong>27 sierpnia<\/strong> \u2013 <strong>potwierdzenie ch\u0119ci<\/strong> zapisania dziecka do szko\u0142y (prosz\u0119 przyj\u015b\u0107 <strong>osobi\u015bcie<\/strong> do <strong>sekretariatu<\/strong>) <strong>do 15.00<\/strong><\/p>\n<p>&nbsp;<strong>do<\/strong> <strong>28 sierpnia<\/strong>\u2013 <strong>og\u0142oszenie<\/strong> ostatecznej listy uczni\u00f3w przyj\u0119tych do szko\u0142y<\/p>\n<p>&nbsp;<\/p>\n<p>Godziny pracy sekretariatu:<\/p>\n<p>7:00 \u2013 15:00 &#8211; pon. &#8211; pt.<\/p>\n<p>(59) 858 32 67<\/p>\n<p>&nbsp;<\/p>\n<p>Zapraszamy do zapisania dziecka do <strong>Szko\u0142y Podstawowej im. Henryka Sienkiewicza w \u015awierznie<\/strong> \u2013 <strong>szko\u0142y otwartej dla wszystkich<\/strong><\/p>\n","protected":false},"excerpt":{"rendered":"<p>Uwaga Rodzice przysz\u0142ych pierwszoklasist\u00f3w. &nbsp; 17 sierpnia2026 r. rozpoczyna si\u0119 w naszej szkole rekrutacja uzupe\u0142niajaca uczni\u00f3w do klas pierwszych na rok szkolny 2026\/2027. &nbsp; Rekrutacja przebiega elektronicznie, czyli: Nale\u017cy wype\u0142ni\u0107 wniosek online (formularz rejestracji poni\u017cej) https:\/\/gminamiastko.esrds.pl\/register.php Po wype\u0142nieniu wniosku online trzeba go wydrukowa\u0107 i podpisa\u0107. Podpisany wniosek prosz\u0119 przynie\u015b\u0107 do sekretariatu szko\u0142y wraz z wymaganymi\u2026 <span class=\"read-more\"><a href=\"https:\/\/spswierzno.edu.pl\/?p=12513\">Dowiedz si\u0119 wi\u0119cej &raquo;<\/a><\/span><\/p>\n","protected":false},"author":1,"featured_media":12511,"comment_status":"closed","ping_status":"closed","sticky":true,"template":"","format":"standard","meta":{"ngg_post_thumbnail":0,"footnotes":""},"categories":[6],"tags":[],"class_list":["post-12513","post","type-post","status-publish","format-standard","has-post-thumbnail","hentry","category-aktualnosci"],"_links":{"self":[{"href":"https:\/\/spswierzno.edu.pl\/index.php?rest_route=\/wp\/v2\/posts\/12513","targetHints":{"allow":["GET"]}}],"collection":[{"href":"https:\/\/spswierzno.edu.pl\/index.php?rest_route=\/wp\/v2\/posts"}],"about":[{"href":"https:\/\/spswierzno.edu.pl\/index.php?rest_route=\/wp\/v2\/types\/post"}],"author":[{"embeddable":true,"href":"https:\/\/spswierzno.edu.pl\/index.php?rest_route=\/wp\/v2\/users\/1"}],"replies":[{"embeddable":true,"href":"https:\/\/spswierzno.edu.pl\/index.php?rest_route=%2Fwp%2Fv2%2Fcomments&post=12513"}],"version-history":[{"count":1,"href":"https:\/\/spswierzno.edu.pl\/index.php?rest_route=\/wp\/v2\/posts\/12513\/revisions"}],"predecessor-version":[{"id":12514,"href":"https:\/\/spswierzno.edu.pl\/index.php?rest_route=\/wp\/v2\/posts\/12513\/revisions\/12514"}],"wp:featuredmedia":[{"embeddable":true,"href":"https:\/\/spswierzno.edu.pl\/index.php?rest_route=\/wp\/v2\/media\/12511"}],"wp:attachment":[{"href":"https:\/\/spswierzno.edu.pl\/index.php?rest_route=%2Fwp%2Fv2%2Fmedia&parent=12513"}],"wp:term":[{"taxonomy":"category","embeddable":true,"href":"https:\/\/spswierzno.edu.pl\/index.php?rest_route=%2Fwp%2Fv2%2Fcategories&post=12513"},{"taxonomy":"post_tag","embeddable":true,"href":"https:\/\/spswierzno.edu.pl\/index.php?rest_route=%2Fwp%2Fv2%2Ftags&post=12513"}],"curies":[{"name":"wp","href":"https:\/\/api.w.org\/{rel}","templated":true}]}}