{"id":12298,"date":"2026-03-16T08:31:14","date_gmt":"2026-03-16T08:31:14","guid":{"rendered":"https:\/\/spswierzno.edu.pl\/?p=12298"},"modified":"2026-03-16T08:31:27","modified_gmt":"2026-03-16T08:31:27","slug":"targi-pracy-i-dni-otwarte-szkol-2026","status":"publish","type":"post","link":"https:\/\/spswierzno.edu.pl\/?p=12298","title":{"rendered":"Targi Pracy i Dni Otwarte Szk\u00f3\u0142 2026"},"content":{"rendered":"<p style=\"text-align: left;\">Zapraszamy <strong>uczni\u00f3w kl. 8<\/strong> na coroczne spotkanie z przedstawicielami szk\u00f3\u0142 \u015brednich i zapoznanie si\u0119 z ich ofert\u0105 edukacyjn\u0105 w ramach &#8222;<strong>Targ\u00f3w Pracy i Dni Otwartych Szk\u00f3\u0142<\/strong>&#8222;. Takie spotkanie to doskona\u0142a okazja, aby przemy\u015ble\u0107 swoj\u0105 przysz\u0142o\u015b\u0107 i zaplanowa\u0107 dalsz\u0105 \u015bcie\u017ck\u0119 \u017cyciow\u0105.<\/p>\nngg_shortcode_0_placeholder\n","protected":false},"excerpt":{"rendered":"<p>Zapraszamy uczni\u00f3w kl. 8 na coroczne spotkanie z przedstawicielami szk\u00f3\u0142 \u015brednich i zapoznanie si\u0119 z ich ofert\u0105 edukacyjn\u0105 w ramach &#8222;Targ\u00f3w Pracy i Dni Otwartych Szk\u00f3\u0142&#8222;. Takie spotkanie to doskona\u0142a okazja, aby przemy\u015ble\u0107 swoj\u0105 przysz\u0142o\u015b\u0107 i zaplanowa\u0107 dalsz\u0105 \u015bcie\u017ck\u0119 \u017cyciow\u0105.<\/p>\n","protected":false},"author":1,"featured_media":12299,"comment_status":"closed","ping_status":"closed","sticky":false,"template":"","format":"standard","meta":{"ngg_post_thumbnail":0,"footnotes":""},"categories":[6,41,50,46,39],"tags":[],"class_list":["post-12298","post","type-post","status-publish","format-standard","has-post-thumbnail","hentry","category-aktualnosci","category-dla-rodzicow","category-dla-uczniow","category-szkola","category-wydarzenia"],"_links":{"self":[{"href":"https:\/\/spswierzno.edu.pl\/index.php?rest_route=\/wp\/v2\/posts\/12298","targetHints":{"allow":["GET"]}}],"collection":[{"href":"https:\/\/spswierzno.edu.pl\/index.php?rest_route=\/wp\/v2\/posts"}],"about":[{"href":"https:\/\/spswierzno.edu.pl\/index.php?rest_route=\/wp\/v2\/types\/post"}],"author":[{"embeddable":true,"href":"https:\/\/spswierzno.edu.pl\/index.php?rest_route=\/wp\/v2\/users\/1"}],"replies":[{"embeddable":true,"href":"https:\/\/spswierzno.edu.pl\/index.php?rest_route=%2Fwp%2Fv2%2Fcomments&post=12298"}],"version-history":[{"count":1,"href":"https:\/\/spswierzno.edu.pl\/index.php?rest_route=\/wp\/v2\/posts\/12298\/revisions"}],"predecessor-version":[{"id":12302,"href":"https:\/\/spswierzno.edu.pl\/index.php?rest_route=\/wp\/v2\/posts\/12298\/revisions\/12302"}],"wp:featuredmedia":[{"embeddable":true,"href":"https:\/\/spswierzno.edu.pl\/index.php?rest_route=\/wp\/v2\/media\/12299"}],"wp:attachment":[{"href":"https:\/\/spswierzno.edu.pl\/index.php?rest_route=%2Fwp%2Fv2%2Fmedia&parent=12298"}],"wp:term":[{"taxonomy":"category","embeddable":true,"href":"https:\/\/spswierzno.edu.pl\/index.php?rest_route=%2Fwp%2Fv2%2Fcategories&post=12298"},{"taxonomy":"post_tag","embeddable":true,"href":"https:\/\/spswierzno.edu.pl\/index.php?rest_route=%2Fwp%2Fv2%2Ftags&post=12298"}],"curies":[{"name":"wp","href":"https:\/\/api.w.org\/{rel}","templated":true}]}}