{"id":1212,"date":"2021-10-14T14:21:05","date_gmt":"2021-10-14T14:21:05","guid":{"rendered":"https:\/\/spswierzno.edu.pl\/?p=1212"},"modified":"2022-03-28T09:13:31","modified_gmt":"2022-03-28T09:13:31","slug":"dzien-edukacji-narodowej","status":"publish","type":"post","link":"https:\/\/spswierzno.edu.pl\/?p=1212","title":{"rendered":"Dzie\u0144 Edukacji Narodowej"},"content":{"rendered":"<p>14 pa\u017adziernika 2021 r. w \u015bwietlicy Miejsko Gminnego O\u015brodka Kultury w Miastku przy ul. Boles\u0142awa Chrobrego odby\u0142y si\u0119 gminne uroczysto\u015bci z okazji Dnia Edukacji Narodowej. Wr\u0119czenie nagr\u00f3d Burmistrza Miastka, list\u00f3w gratulacyjnych i podzi\u0119kowa\u0142 poprzedzi\u0142a cz\u0119\u015b\u0107 artystyczny w wykonaniu uczni\u00f3w szk\u00f3\u0142 i przedszkoli, dla kt\u00f3rych Gmina Miastko jest organem prowadz\u0105cym.<\/p>\n<p>W cz\u0119\u015bci artystycznej wyst\u0105pi\u0142a Zofia Podg\u00f3rska z kl. III recytuj\u0105c wiersz pt. &#8222;Najlepsze \u017cyczenie&#8221;.<\/p>\n<p>Nagrod\u0119 Burmistrza Miastka za szczeg\u00f3lne osi\u0105gni\u0119cia w pracy dydaktycznej, wychowawczej i opieku\u0144czej otrzyma\u0142 z naszej szko\u0142y p. Tomasz Sztobnicki oraz p. Marek Grymbowski &#8211; dyrektor szko\u0142y.<\/p>\n<p>Nagrod\u0119 Pomorskiego Kuratora O\u015bwiaty za szczeg\u00f3lne osi\u0105gni\u0119cia w pracy dydaktycznej, wychowawczej i opieku\u0144czej otrzyma\u0142a p. Renata Mazur, a Medalem Komisji Narodowej odznaczona zosta\u0142a p. Bogumi\u0142a Grymbowska.<\/p>\n<p>Na r\u0119ce dyrektora Szko\u0142y Podstawowej im. Henryka Sienkiewicza w \u015awierznie Marka Grymbowskiego, Burmistrza Miastka DanutyaKara\u015bkiewicz oraz Przewodnicz\u0105cego Rady Miejskiej w Miastku Tomasz Borowski przekaza\u0142 nauczycielom list gratulacyjny w zwi\u0105zku z osi\u0105gni\u0119ciem wysokiego wyniku przez uczni\u00f3w tej szko\u0142y na egzaminach o\u015bmioklasist\u00f3w w roku szkolnym 2020\/2021.<\/p>\n<p>Wi\u0119cej o gminnych obchodach DEN na stronie <a href=\"http:\/\/www.miastko.pl\/news.php?id=84\">miastko.pl<\/a><\/p>\nngg_shortcode_0_placeholder\n<p>&nbsp;<\/p>\n","protected":false},"excerpt":{"rendered":"<p>14 pa\u017adziernika 2021 r. w \u015bwietlicy Miejsko Gminnego O\u015brodka Kultury w Miastku przy ul. Boles\u0142awa Chrobrego odby\u0142y si\u0119 gminne uroczysto\u015bci z okazji Dnia Edukacji Narodowej. Wr\u0119czenie nagr\u00f3d Burmistrza Miastka, list\u00f3w gratulacyjnych i podzi\u0119kowa\u0142 poprzedzi\u0142a cz\u0119\u015b\u0107 artystyczny w wykonaniu uczni\u00f3w szk\u00f3\u0142 i przedszkoli, dla kt\u00f3rych Gmina Miastko jest organem prowadz\u0105cym. W cz\u0119\u015bci artystycznej wyst\u0105pi\u0142a Zofia Podg\u00f3rska\u2026 <span class=\"read-more\"><a href=\"https:\/\/spswierzno.edu.pl\/?p=1212\">Dowiedz si\u0119 wi\u0119cej &raquo;<\/a><\/span><\/p>\n","protected":false},"author":1,"featured_media":1218,"comment_status":"closed","ping_status":"closed","sticky":false,"template":"","format":"standard","meta":{"ngg_post_thumbnail":0,"footnotes":""},"categories":[6,37,46,39],"tags":[],"class_list":["post-1212","post","type-post","status-publish","format-standard","has-post-thumbnail","hentry","category-aktualnosci","category-swieta","category-szkola","category-wydarzenia"],"_links":{"self":[{"href":"https:\/\/spswierzno.edu.pl\/index.php?rest_route=\/wp\/v2\/posts\/1212","targetHints":{"allow":["GET"]}}],"collection":[{"href":"https:\/\/spswierzno.edu.pl\/index.php?rest_route=\/wp\/v2\/posts"}],"about":[{"href":"https:\/\/spswierzno.edu.pl\/index.php?rest_route=\/wp\/v2\/types\/post"}],"author":[{"embeddable":true,"href":"https:\/\/spswierzno.edu.pl\/index.php?rest_route=\/wp\/v2\/users\/1"}],"replies":[{"embeddable":true,"href":"https:\/\/spswierzno.edu.pl\/index.php?rest_route=%2Fwp%2Fv2%2Fcomments&post=1212"}],"version-history":[{"count":3,"href":"https:\/\/spswierzno.edu.pl\/index.php?rest_route=\/wp\/v2\/posts\/1212\/revisions"}],"predecessor-version":[{"id":1221,"href":"https:\/\/spswierzno.edu.pl\/index.php?rest_route=\/wp\/v2\/posts\/1212\/revisions\/1221"}],"wp:featuredmedia":[{"embeddable":true,"href":"https:\/\/spswierzno.edu.pl\/index.php?rest_route=\/wp\/v2\/media\/1218"}],"wp:attachment":[{"href":"https:\/\/spswierzno.edu.pl\/index.php?rest_route=%2Fwp%2Fv2%2Fmedia&parent=1212"}],"wp:term":[{"taxonomy":"category","embeddable":true,"href":"https:\/\/spswierzno.edu.pl\/index.php?rest_route=%2Fwp%2Fv2%2Fcategories&post=1212"},{"taxonomy":"post_tag","embeddable":true,"href":"https:\/\/spswierzno.edu.pl\/index.php?rest_route=%2Fwp%2Fv2%2Ftags&post=1212"}],"curies":[{"name":"wp","href":"https:\/\/api.w.org\/{rel}","templated":true}]}}