{"id":1196,"date":"2021-10-08T14:10:11","date_gmt":"2021-10-08T14:10:11","guid":{"rendered":"https:\/\/spswierzno.edu.pl\/?p=1196"},"modified":"2022-03-28T09:17:05","modified_gmt":"2022-03-28T09:17:05","slug":"jesienne-dary-przyrody","status":"publish","type":"post","link":"https:\/\/spswierzno.edu.pl\/?p=1196","title":{"rendered":"Jesienne dary przyrody"},"content":{"rendered":"<p><span class=\"d2edcug0 hpfvmrgz qv66sw1b c1et5uql lr9zc1uh a8c37x1j keod5gw0 nxhoafnm aigsh9s9 d3f4x2em fe6kdd0r mau55g9w c8b282yb iv3no6db jq4qci2q a3bd9o3v b1v8xokw oo9gr5id hzawbc8m\" dir=\"auto\">Jesiennych sceptyk\u00f3w trudno przekona\u0107 o tym, \u017ce nielubiana przez nich pora roku jest naprawd\u0119 wyj\u0105tkowa. A przecie\u017c koniec lata nie oznacza wcale, \u017ce natura posk\u0105pi nam pi\u0119knych krajobraz\u00f3w i sezonowych dar\u00f3w. Przeciwnie, zw\u0142aszcza tych ostatnich ofiaruje nam ca\u0142e mn\u00f3stwo. B\u0119dziemy mogli nimi nacieszy\u0107 zmys\u0142y \u2013 wzroku, w\u0119chu i smaku. <\/span><\/p>\n<p><span class=\"d2edcug0 hpfvmrgz qv66sw1b c1et5uql lr9zc1uh a8c37x1j keod5gw0 nxhoafnm aigsh9s9 d3f4x2em fe6kdd0r mau55g9w c8b282yb iv3no6db jq4qci2q a3bd9o3v b1v8xokw oo9gr5id hzawbc8m\" dir=\"auto\">Klasa II postanowi\u0142a wyczarowa\u0107 z jesiennych dar\u00f3w przyrody r\u00f3\u017cne postacie.<\/span><\/p>\n<p>Fotorelacja <a href=\"https:\/\/spswierzno.edu.pl\/index.php\/nggallery\/rok-szkolny-2021-2022\/jesienne-dary-przyrody?page_id=981\">&gt;&gt;Zobacz&lt;&lt;<\/a><\/p>\n<p><img fetchpriority=\"high\" decoding=\"async\" class=\"size-medium wp-image-1207 aligncenter\" src=\"https:\/\/spswierzno.edu.pl\/wp-content\/uploads\/2021\/10\/jesienne_dary_1-225x300.jpg\" alt=\"\" width=\"225\" height=\"300\" srcset=\"https:\/\/spswierzno.edu.pl\/wp-content\/uploads\/2021\/10\/jesienne_dary_1-225x300.jpg 225w, https:\/\/spswierzno.edu.pl\/wp-content\/uploads\/2021\/10\/jesienne_dary_1-769x1024.jpg 769w, https:\/\/spswierzno.edu.pl\/wp-content\/uploads\/2021\/10\/jesienne_dary_1-768x1023.jpg 768w, https:\/\/spswierzno.edu.pl\/wp-content\/uploads\/2021\/10\/jesienne_dary_1-1153x1536.jpg 1153w, https:\/\/spswierzno.edu.pl\/wp-content\/uploads\/2021\/10\/jesienne_dary_1-660x879.jpg 660w, https:\/\/spswierzno.edu.pl\/wp-content\/uploads\/2021\/10\/jesienne_dary_1.jpg 1537w\" sizes=\"(max-width: 225px) 100vw, 225px\" \/><\/p>\n","protected":false},"excerpt":{"rendered":"<p>Jesiennych sceptyk\u00f3w trudno przekona\u0107 o tym, \u017ce nielubiana przez nich pora roku jest naprawd\u0119 wyj\u0105tkowa. A przecie\u017c koniec lata nie oznacza wcale, \u017ce natura posk\u0105pi nam pi\u0119knych krajobraz\u00f3w i sezonowych dar\u00f3w. Przeciwnie, zw\u0142aszcza tych ostatnich ofiaruje nam ca\u0142e mn\u00f3stwo. B\u0119dziemy mogli nimi nacieszy\u0107 zmys\u0142y \u2013 wzroku, w\u0119chu i smaku. Klasa II postanowi\u0142a wyczarowa\u0107 z jesiennych\u2026 <span class=\"read-more\"><a href=\"https:\/\/spswierzno.edu.pl\/?p=1196\">Dowiedz si\u0119 wi\u0119cej &raquo;<\/a><\/span><\/p>\n","protected":false},"author":1,"featured_media":1207,"comment_status":"closed","ping_status":"closed","sticky":false,"template":"","format":"standard","meta":{"ngg_post_thumbnail":0,"footnotes":""},"categories":[6,39],"tags":[],"class_list":["post-1196","post","type-post","status-publish","format-standard","has-post-thumbnail","hentry","category-aktualnosci","category-wydarzenia"],"_links":{"self":[{"href":"https:\/\/spswierzno.edu.pl\/index.php?rest_route=\/wp\/v2\/posts\/1196","targetHints":{"allow":["GET"]}}],"collection":[{"href":"https:\/\/spswierzno.edu.pl\/index.php?rest_route=\/wp\/v2\/posts"}],"about":[{"href":"https:\/\/spswierzno.edu.pl\/index.php?rest_route=\/wp\/v2\/types\/post"}],"author":[{"embeddable":true,"href":"https:\/\/spswierzno.edu.pl\/index.php?rest_route=\/wp\/v2\/users\/1"}],"replies":[{"embeddable":true,"href":"https:\/\/spswierzno.edu.pl\/index.php?rest_route=%2Fwp%2Fv2%2Fcomments&post=1196"}],"version-history":[{"count":5,"href":"https:\/\/spswierzno.edu.pl\/index.php?rest_route=\/wp\/v2\/posts\/1196\/revisions"}],"predecessor-version":[{"id":1280,"href":"https:\/\/spswierzno.edu.pl\/index.php?rest_route=\/wp\/v2\/posts\/1196\/revisions\/1280"}],"wp:featuredmedia":[{"embeddable":true,"href":"https:\/\/spswierzno.edu.pl\/index.php?rest_route=\/wp\/v2\/media\/1207"}],"wp:attachment":[{"href":"https:\/\/spswierzno.edu.pl\/index.php?rest_route=%2Fwp%2Fv2%2Fmedia&parent=1196"}],"wp:term":[{"taxonomy":"category","embeddable":true,"href":"https:\/\/spswierzno.edu.pl\/index.php?rest_route=%2Fwp%2Fv2%2Fcategories&post=1196"},{"taxonomy":"post_tag","embeddable":true,"href":"https:\/\/spswierzno.edu.pl\/index.php?rest_route=%2Fwp%2Fv2%2Ftags&post=1196"}],"curies":[{"name":"wp","href":"https:\/\/api.w.org\/{rel}","templated":true}]}}