{"id":11706,"date":"2025-11-13T14:54:12","date_gmt":"2025-11-13T14:54:12","guid":{"rendered":"https:\/\/spswierzno.edu.pl\/?p=11706"},"modified":"2025-11-20T11:22:23","modified_gmt":"2025-11-20T11:22:23","slug":"apel-z-okazji-narodowego-swieta-niepodleglosci","status":"publish","type":"post","link":"https:\/\/spswierzno.edu.pl\/?p=11706","title":{"rendered":"Apel z okazji Narodowego \u015awi\u0119ta Niepodleg\u0142o\u015bci"},"content":{"rendered":"<div class=\"html-div xdj266r x14z9mp xat24cr x1lziwak xexx8yu xyri2b x18d9i69 x1c1uobl\" dir=\"auto\">\n<div class=\"html-div xdj266r x14z9mp xat24cr x1lziwak xexx8yu xyri2b x18d9i69 x1c1uobl\" data-ad-rendering-role=\"story_message\">\n<div id=\"_r_e1_\" class=\"x1l90r2v x1iorvi4 x1g0dm76 xpdmqnj\" data-ad-comet-preview=\"message\" data-ad-preview=\"message\">\n<div class=\"x78zum5 xdt5ytf xz62fqu x16ldp7u\">\n<div class=\"xu06os2 x1ok221b\">\n<div class=\"html-div xdj266r x14z9mp xat24cr x1lziwak xexx8yu xyri2b x18d9i69 x1c1uobl\">\n<div class=\"xdj266r x14z9mp xat24cr x1lziwak x1vvkbs x126k92a\">\n<div dir=\"auto\" style=\"text-align: left;\">Dnia <strong>12 listopada<\/strong> w naszej szkole odby\u0142 si\u0119 <strong>uroczysty apel<\/strong> z okazji<strong> Narodowego \u015awi\u0119ta Niepodleg\u0142o\u015bci<\/strong>. Uroczysto\u015b\u0107 przygotowali uczniowie <span style=\"color: #000000;\"><strong>klasy \u00f3smej<\/strong><\/span> pod opiek\u0105 <span style=\"color: #800080;\"><strong>p. Beaty<\/strong><\/span> oraz <span style=\"color: #003300;\"><strong>p. Pauliny<\/strong><\/span> przy pomocy ch\u00f3rku szkolnego uczni\u00f3w <strong>klasy pi\u0105tej<\/strong>, <span style=\"color: #000000;\"><strong>sz\u00f3stej<\/strong><\/span> oraz <span style=\"color: #000000;\"><strong>si\u00f3dmej<\/strong><\/span>.<\/div>\n<div dir=\"auto\">&nbsp;<\/div>\n<\/div>\n<div class=\"x14z9mp xat24cr x1lziwak x1vvkbs xtlvy1s x126k92a\" style=\"text-align: left;\">\n<div dir=\"auto\">Podczas apelu przypomniano <strong>najwa\u017cniejsze wydarzenia z historii Polski<\/strong> prowadz\u0105ce do odzyskania niepodleg\u0142o\u015bci w 1918 roku po 123 latach zabor\u00f3w. Uczniowie zaprezentowali <span style=\"color: #008000;\"><strong>monta\u017c s\u0142owno-muzyczny<\/strong><\/span>, recytowali wiersze patriotyczne oraz \u015bpiewali pie\u015bni, m.in. \u201eMarsz Pierwszej Brygady\u201d i \u201eRota\u201d.<\/div>\n<div dir=\"auto\">&nbsp;<\/div>\n<\/div>\n<div class=\"x14z9mp xat24cr x1lziwak x1vvkbs xtlvy1s x126k92a\" style=\"text-align: left;\">\n<div dir=\"auto\">Ca\u0142a <strong>spo\u0142eczno\u015b\u0107 szkolna uczci\u0142a pami\u0119\u0107 bohater\u00f3w narodowych<\/strong> chwil\u0105 ciszy i wsp\u00f3lnym od\u015bpiewaniem hymnu pa\u0144stwowego w ramach akcji \u201eSzko\u0142a do hymnu\u201d.<\/div>\n<div dir=\"auto\">&nbsp;<\/div>\n<\/div>\n<div class=\"x14z9mp xat24cr x1lziwak x1vvkbs xtlvy1s x126k92a\" style=\"text-align: left;\">\n<div dir=\"auto\">Uroczysto\u015b\u0107 mia\u0142a podnios\u0142y i patriotyczny charakter, przypomnia\u0142a wszystkim, jak wa\u017cne s\u0105 wolno\u015b\u0107, niepodleg\u0142o\u015b\u0107 i mi\u0142o\u015b\u0107 do ojczyzny.<\/div>\n<div dir=\"auto\">&nbsp;<\/div>\n<\/div>\n<div class=\"x14z9mp xat24cr x1lziwak x1vvkbs xtlvy1s x126k92a\">\n<div dir=\"auto\" style=\"text-align: left;\"><span class=\"html-span xdj266r x14z9mp xat24cr x1lziwak xexx8yu xyri2b x18d9i69 x1c1uobl x1hl2dhg x16tdsg8 x1vvkbs\"><a class=\"x1i10hfl xjbqb8w x1ejq31n x18oe1m7 x1sy0etr xstzfhl x972fbf x10w94by x1qhh985 x14e42zd x9f619 x1ypdohk xt0psk2 x3ct3a4 xdj266r x14z9mp xat24cr x1lziwak xexx8yu xyri2b x18d9i69 x1c1uobl x16tdsg8 x1hl2dhg xggy1nq x1a2a7pz xkrqix3 x1sur9pj x1fey0fg x1s688f\" tabindex=\"0\" role=\"link\" href=\"https:\/\/www.facebook.com\/hashtag\/szko%C5%82adohymnu?__eep__=6&amp;__cft__[0]=AZVpnMXVR-cpxypNGqiwd5Be536OiHrIZaaJVUrNetlqC75-FAF_8I6_o3--1HjNKsjJyhYc8r_mlFXnyxYa8C2GV5o94v99_6HPTYMzvOWcmZjQ-7Kabt49E8mMnZ0wcSaEouASA6Om-P14UfG-wtOAgo5FiXRiUHBNoPVXlS1gXIYIVbEGrTTENHUEuhylK9g&amp;__tn__=*NK-R\">#Szko\u0142aDoHymnu<\/a><\/span><\/div>\n<div dir=\"auto\">ngg_shortcode_0_placeholder<\/div>\n<\/div>\n<\/div>\n<\/div>\n<\/div>\n<\/div>\n<\/div>\n<\/div>\n","protected":false},"excerpt":{"rendered":"<p>Dnia 12 listopada w naszej szkole odby\u0142 si\u0119 uroczysty apel z okazji Narodowego \u015awi\u0119ta Niepodleg\u0142o\u015bci. Uroczysto\u015b\u0107 przygotowali uczniowie klasy \u00f3smej pod opiek\u0105 p. Beaty oraz p. Pauliny przy pomocy ch\u00f3rku szkolnego uczni\u00f3w klasy pi\u0105tej, sz\u00f3stej oraz si\u00f3dmej. &nbsp; Podczas apelu przypomniano najwa\u017cniejsze wydarzenia z historii Polski prowadz\u0105ce do odzyskania niepodleg\u0142o\u015bci w 1918 roku po 123\u2026 <span class=\"read-more\"><a href=\"https:\/\/spswierzno.edu.pl\/?p=11706\">Dowiedz si\u0119 wi\u0119cej &raquo;<\/a><\/span><\/p>\n","protected":false},"author":1,"featured_media":11717,"comment_status":"closed","ping_status":"closed","sticky":false,"template":"","format":"standard","meta":{"ngg_post_thumbnail":0,"footnotes":""},"categories":[6,41,50,54,43,37,46,39],"tags":[],"class_list":["post-11706","post","type-post","status-publish","format-standard","has-post-thumbnail","hentry","category-aktualnosci","category-dla-rodzicow","category-dla-uczniow","category-nauczyciele","category-przedszkole","category-swieta","category-szkola","category-wydarzenia"],"_links":{"self":[{"href":"https:\/\/spswierzno.edu.pl\/index.php?rest_route=\/wp\/v2\/posts\/11706","targetHints":{"allow":["GET"]}}],"collection":[{"href":"https:\/\/spswierzno.edu.pl\/index.php?rest_route=\/wp\/v2\/posts"}],"about":[{"href":"https:\/\/spswierzno.edu.pl\/index.php?rest_route=\/wp\/v2\/types\/post"}],"author":[{"embeddable":true,"href":"https:\/\/spswierzno.edu.pl\/index.php?rest_route=\/wp\/v2\/users\/1"}],"replies":[{"embeddable":true,"href":"https:\/\/spswierzno.edu.pl\/index.php?rest_route=%2Fwp%2Fv2%2Fcomments&post=11706"}],"version-history":[{"count":1,"href":"https:\/\/spswierzno.edu.pl\/index.php?rest_route=\/wp\/v2\/posts\/11706\/revisions"}],"predecessor-version":[{"id":11718,"href":"https:\/\/spswierzno.edu.pl\/index.php?rest_route=\/wp\/v2\/posts\/11706\/revisions\/11718"}],"wp:featuredmedia":[{"embeddable":true,"href":"https:\/\/spswierzno.edu.pl\/index.php?rest_route=\/wp\/v2\/media\/11717"}],"wp:attachment":[{"href":"https:\/\/spswierzno.edu.pl\/index.php?rest_route=%2Fwp%2Fv2%2Fmedia&parent=11706"}],"wp:term":[{"taxonomy":"category","embeddable":true,"href":"https:\/\/spswierzno.edu.pl\/index.php?rest_route=%2Fwp%2Fv2%2Fcategories&post=11706"},{"taxonomy":"post_tag","embeddable":true,"href":"https:\/\/spswierzno.edu.pl\/index.php?rest_route=%2Fwp%2Fv2%2Ftags&post=11706"}],"curies":[{"name":"wp","href":"https:\/\/api.w.org\/{rel}","templated":true}]}}