{"id":10824,"date":"2025-06-27T17:34:31","date_gmt":"2025-06-27T17:34:31","guid":{"rendered":"https:\/\/spswierzno.edu.pl\/?p=10824"},"modified":"2025-07-03T06:40:19","modified_gmt":"2025-07-03T06:40:19","slug":"zakonczenie-roku-szkolnego","status":"publish","type":"post","link":"https:\/\/spswierzno.edu.pl\/?p=10824","title":{"rendered":"Zako\u0144czenie roku szkolnego"},"content":{"rendered":"<div class=\"html-div xdj266r x14z9mp xat24cr x1lziwak xexx8yu xyri2b x18d9i69 x1c1uobl\" dir=\"auto\">\n<div class=\"html-div xdj266r x14z9mp xat24cr x1lziwak xexx8yu xyri2b x18d9i69 x1c1uobl\" data-ad-rendering-role=\"story_message\">\n<div id=\"_r_5a_\" class=\"x1l90r2v x1iorvi4 x1g0dm76 xpdmqnj\" data-ad-comet-preview=\"message\" data-ad-preview=\"message\">\n<div class=\"x78zum5 xdt5ytf xz62fqu x16ldp7u\">\n<div class=\"xu06os2 x1ok221b\">\n<div class=\"html-div xdj266r x14z9mp xat24cr x1lziwak xexx8yu xyri2b x18d9i69 x1c1uobl\">\n<div class=\"xdj266r x14z9mp xat24cr x1lziwak x1vvkbs x126k92a\">\n<div dir=\"auto\"><span class=\"html-span xexx8yu xyri2b x18d9i69 x1c1uobl x1hl2dhg x16tdsg8 x1vvkbs x3nfvp2 x1j61x8r x1fcty0u xdj266r xat24cr xm2jcoa x1mpyi22 xxymvpz xlup9mm x1kky2od\"><img decoding=\"async\" class=\"xz74otr x15mokao x1ga7v0g x16uus16 xbiv7yw alignnone\" src=\"https:\/\/static.xx.fbcdn.net\/images\/emoji.php\/v9\/t49\/1\/16\/1f4da.png\" alt=\"\ud83d\udcda\" width=\"16\" height=\"16\"><\/span>Zako\u0144czenie roku szkolnego <strong>2024\/2025<\/strong><span class=\"html-span xexx8yu xyri2b x18d9i69 x1c1uobl x1hl2dhg x16tdsg8 x1vvkbs x3nfvp2 x1j61x8r x1fcty0u xdj266r xat24cr xm2jcoa x1mpyi22 xxymvpz xlup9mm x1kky2od\"><img decoding=\"async\" class=\"xz74otr x15mokao x1ga7v0g x16uus16 xbiv7yw\" src=\"https:\/\/static.xx.fbcdn.net\/images\/emoji.php\/v9\/t49\/1\/16\/1f4da.png\" alt=\"\ud83d\udcda\" width=\"16\" height=\"16\"><\/span><\/div>\n<div dir=\"auto\">&nbsp;<\/div>\n<\/div>\n<div class=\"x14z9mp xat24cr x1lziwak x1vvkbs xtlvy1s x126k92a\" style=\"text-align: left;\">\n<div dir=\"auto\">27 czerwca odby\u0142a si\u0119 w naszej szkole wyj\u0105tkowa i pe\u0142na wzrusze\u0144 uroczysto\u015b\u0107 zako\u0144czenia roku szkolnego 2024\/2025. To by\u0142 dzie\u0144 pe\u0142en emocji, podsumowa\u0144, po\u017cegna\u0144 i wdzi\u0119czno\u015bci.<\/div>\n<div dir=\"auto\">&nbsp;<\/div>\n<\/div>\n<div class=\"x14z9mp xat24cr x1lziwak x1vvkbs xtlvy1s x126k92a\" style=\"text-align: left;\">\n<div dir=\"auto\">Szczeg\u00f3lne miejsce w programie zaj\u0119\u0142o symboliczne <strong>po\u017cegnanie klasy \u00f3smej<\/strong>, kt\u00f3ra ko\u0144czy swoj\u0105 edukacj\u0119 w naszej szkole. Uczniowie klasy si\u00f3dmej z serdeczno\u015bci\u0105 i wzruszeniem po\u017cegnali swoich starszych koleg\u00f3w i kole\u017canki, \u017cycz\u0105c im sukces\u00f3w i odwagi w podejmowaniu kolejnych wyzwa\u0144. <strong>Klasa \u00f3sma<\/strong> w pi\u0119knych s\u0142owach <strong>podzi\u0119kowa\u0142a <\/strong>nauczycielom, pracownikom szko\u0142y oraz m\u0142odszym uczniom \u2013 za wsp\u00f3lne lata, wsparcie i wspomnienia.<\/div>\n<div dir=\"auto\">&nbsp;<\/div>\n<\/div>\n<div class=\"x14z9mp xat24cr x1lziwak x1vvkbs xtlvy1s x126k92a\" style=\"text-align: left;\">\n<div dir=\"auto\">Tego dnia <strong>\u017cegnali\u015bmy r\u00f3wnie\u017c osoby<\/strong>, kt\u00f3re przez wiele lat by\u0142y <strong>sercem naszej szko\u0142y<\/strong> \u2013 przechodz\u0105ce na emerytur\u0119 <strong>pani\u0105 sekretark\u0119 <span style=\"color: #3366ff;\">Dorot\u0119<\/span><\/strong> oraz <strong>nauczycielk\u0119 pani\u0105 <span style=\"color: #003300;\">Mariol\u0119<\/span><\/strong>. Ich zaanga\u017cowanie, ciep\u0142o i oddanie na zawsze pozostan\u0105 w naszej pami\u0119ci. Dzi\u0119kujemy za wszystko! <span class=\"html-span xexx8yu xyri2b x18d9i69 x1c1uobl x1hl2dhg x16tdsg8 x1vvkbs x3nfvp2 x1j61x8r x1fcty0u xdj266r xat24cr xm2jcoa x1mpyi22 xxymvpz xlup9mm x1kky2od\"><img decoding=\"async\" class=\"xz74otr x15mokao x1ga7v0g x16uus16 xbiv7yw\" src=\"https:\/\/static.xx.fbcdn.net\/images\/emoji.php\/v9\/te3\/1\/16\/1f490.png\" alt=\"\ud83d\udc90\" width=\"16\" height=\"16\"><\/span><\/div>\n<div dir=\"auto\">&nbsp;<\/div>\n<\/div>\n<div class=\"x14z9mp xat24cr x1lziwak x1vvkbs xtlvy1s x126k92a\" style=\"text-align: left;\">\n<div dir=\"auto\">By\u0142o to niezwykle poruszaj\u0105ce zako\u0144czenie roku \u2013 pe\u0142ne \u0142ez, u\u015bmiech\u00f3w i s\u0142\u00f3w, kt\u00f3re zostan\u0105 z nami na d\u0142ugo. <strong>Dzi\u0119kujemy wszystkim<\/strong> uczniom, rodzicom, nauczycielom i pracownikom szko\u0142y za wsp\u00f3lnie sp\u0119dzony rok, za trud, wsparcie i niezliczone chwile rado\u015bci.<\/div>\n<\/div>\n<div class=\"x14z9mp xat24cr x1lziwak x1vvkbs xtlvy1s x126k92a\" style=\"text-align: left;\">\n<div dir=\"auto\">&nbsp;<\/div>\n<\/div>\n<div class=\"x14z9mp xat24cr x1lziwak x1vvkbs xtlvy1s x126k92a\" style=\"text-align: left;\">\n<div dir=\"auto\"><span class=\"html-span xexx8yu xyri2b x18d9i69 x1c1uobl x1hl2dhg x16tdsg8 x1vvkbs x3nfvp2 x1j61x8r x1fcty0u xdj266r xat24cr xm2jcoa x1mpyi22 xxymvpz xlup9mm x1kky2od\"><img loading=\"lazy\" decoding=\"async\" class=\"xz74otr x15mokao x1ga7v0g x16uus16 xbiv7yw\" src=\"https:\/\/static.xx.fbcdn.net\/images\/emoji.php\/v9\/t5f\/1\/16\/1f31e.png\" alt=\"\ud83c\udf1e\" width=\"16\" height=\"16\"><\/span> \u017byczymy wszystkim udanych, <span style=\"color: #800080;\"><strong>bezpiecznych i pe\u0142nych przyg\u00f3d wakacji<\/strong><\/span>! Do zobaczenia we wrze\u015bniu! <span class=\"html-span xexx8yu xyri2b x18d9i69 x1c1uobl x1hl2dhg x16tdsg8 x1vvkbs x3nfvp2 x1j61x8r x1fcty0u xdj266r xat24cr xm2jcoa x1mpyi22 xxymvpz xlup9mm x1kky2od\"><img loading=\"lazy\" decoding=\"async\" class=\"xz74otr x15mokao x1ga7v0g x16uus16 xbiv7yw\" src=\"https:\/\/static.xx.fbcdn.net\/images\/emoji.php\/v9\/t13\/1\/16\/1f308.png\" alt=\"\ud83c\udf08\" width=\"16\" height=\"16\"><\/span><\/div>\n<div dir=\"auto\">&nbsp;<\/div>\n<\/div>\n<div class=\"x14z9mp xat24cr x1lziwak x1vvkbs xtlvy1s x126k92a\">\n<div dir=\"auto\" style=\"text-align: left;\"><span class=\"html-span xdj266r x14z9mp xat24cr x1lziwak xexx8yu xyri2b x18d9i69 x1c1uobl x1hl2dhg x16tdsg8 x1vvkbs\"><a class=\"x1i10hfl xjbqb8w x1ejq31n x18oe1m7 x1sy0etr xstzfhl x972fbf x10w94by x1qhh985 x14e42zd x9f619 x1ypdohk xt0psk2 xe8uvvx xdj266r x14z9mp xat24cr x1lziwak xexx8yu xyri2b x18d9i69 x1c1uobl x16tdsg8 x1hl2dhg xggy1nq x1a2a7pz xkrqix3 x1sur9pj x1fey0fg x1s688f\" tabindex=\"0\" role=\"link\" href=\"https:\/\/www.facebook.com\/hashtag\/zako%C5%84czenieroku?__eep__=6&amp;__cft__[0]=AZWZZdwerATv2zdat0faOQPFf-ECI8uzEtkIBlduuKRA4ZumSoPYdAczTiEiqpvjhgJR5Wj4d9YyZuk6B3mTn81riaxNkux7g31HLotNdSnr9w8UY5pwbxItXg73D4QlejotmJfZBGZIzVf-eEPVn-t3wXbQCRy6oHML9qZg49b4eaBCklnC7uiYgN5d6t9s02NQTa89rRPq-2fHsHnPbIj0&amp;__tn__=*NK-R\">#Zako\u0144czenieRoku<\/a><\/span> <span class=\"html-span xdj266r x14z9mp xat24cr x1lziwak xexx8yu xyri2b x18d9i69 x1c1uobl x1hl2dhg x16tdsg8 x1vvkbs\"><a class=\"x1i10hfl xjbqb8w x1ejq31n x18oe1m7 x1sy0etr xstzfhl x972fbf x10w94by x1qhh985 x14e42zd x9f619 x1ypdohk xt0psk2 xe8uvvx xdj266r x14z9mp xat24cr x1lziwak xexx8yu xyri2b x18d9i69 x1c1uobl x16tdsg8 x1hl2dhg xggy1nq x1a2a7pz xkrqix3 x1sur9pj x1fey0fg x1s688f\" tabindex=\"0\" role=\"link\" href=\"https:\/\/www.facebook.com\/hashtag\/sp%C5%9Bwierzno?__eep__=6&amp;__cft__[0]=AZWZZdwerATv2zdat0faOQPFf-ECI8uzEtkIBlduuKRA4ZumSoPYdAczTiEiqpvjhgJR5Wj4d9YyZuk6B3mTn81riaxNkux7g31HLotNdSnr9w8UY5pwbxItXg73D4QlejotmJfZBGZIzVf-eEPVn-t3wXbQCRy6oHML9qZg49b4eaBCklnC7uiYgN5d6t9s02NQTa89rRPq-2fHsHnPbIj0&amp;__tn__=*NK-R\">#SP\u015awierzno<\/a><\/span> <span class=\"html-span xdj266r x14z9mp xat24cr x1lziwak xexx8yu xyri2b x18d9i69 x1c1uobl x1hl2dhg x16tdsg8 x1vvkbs\"><a class=\"x1i10hfl xjbqb8w x1ejq31n x18oe1m7 x1sy0etr xstzfhl x972fbf x10w94by x1qhh985 x14e42zd x9f619 x1ypdohk xt0psk2 xe8uvvx xdj266r x14z9mp xat24cr x1lziwak xexx8yu xyri2b x18d9i69 x1c1uobl x16tdsg8 x1hl2dhg xggy1nq x1a2a7pz xkrqix3 x1sur9pj x1fey0fg x1s688f\" tabindex=\"0\" role=\"link\" href=\"https:\/\/www.facebook.com\/hashtag\/dzi%C4%99kujemy?__eep__=6&amp;__cft__[0]=AZWZZdwerATv2zdat0faOQPFf-ECI8uzEtkIBlduuKRA4ZumSoPYdAczTiEiqpvjhgJR5Wj4d9YyZuk6B3mTn81riaxNkux7g31HLotNdSnr9w8UY5pwbxItXg73D4QlejotmJfZBGZIzVf-eEPVn-t3wXbQCRy6oHML9qZg49b4eaBCklnC7uiYgN5d6t9s02NQTa89rRPq-2fHsHnPbIj0&amp;__tn__=*NK-R\">#Dzi\u0119kujemy<\/a><\/span> <span class=\"html-span xdj266r x14z9mp xat24cr x1lziwak xexx8yu xyri2b x18d9i69 x1c1uobl x1hl2dhg x16tdsg8 x1vvkbs\"><a class=\"x1i10hfl xjbqb8w x1ejq31n x18oe1m7 x1sy0etr xstzfhl x972fbf x10w94by x1qhh985 x14e42zd x9f619 x1ypdohk xt0psk2 xe8uvvx xdj266r x14z9mp xat24cr x1lziwak xexx8yu xyri2b x18d9i69 x1c1uobl x16tdsg8 x1hl2dhg xggy1nq x1a2a7pz xkrqix3 x1sur9pj x1fey0fg x1s688f\" tabindex=\"0\" role=\"link\" href=\"https:\/\/www.facebook.com\/hashtag\/wakacje2025?__eep__=6&amp;__cft__[0]=AZWZZdwerATv2zdat0faOQPFf-ECI8uzEtkIBlduuKRA4ZumSoPYdAczTiEiqpvjhgJR5Wj4d9YyZuk6B3mTn81riaxNkux7g31HLotNdSnr9w8UY5pwbxItXg73D4QlejotmJfZBGZIzVf-eEPVn-t3wXbQCRy6oHML9qZg49b4eaBCklnC7uiYgN5d6t9s02NQTa89rRPq-2fHsHnPbIj0&amp;__tn__=*NK-R\">#Wakacje2025<\/a><\/span> <span class=\"html-span xdj266r x14z9mp xat24cr x1lziwak xexx8yu xyri2b x18d9i69 x1c1uobl x1hl2dhg x16tdsg8 x1vvkbs\"><a class=\"x1i10hfl xjbqb8w x1ejq31n x18oe1m7 x1sy0etr xstzfhl x972fbf x10w94by x1qhh985 x14e42zd x9f619 x1ypdohk xt0psk2 xe8uvvx xdj266r x14z9mp xat24cr x1lziwak xexx8yu xyri2b x18d9i69 x1c1uobl x16tdsg8 x1hl2dhg xggy1nq x1a2a7pz xkrqix3 x1sur9pj x1fey0fg x1s688f\" tabindex=\"0\" role=\"link\" href=\"https:\/\/www.facebook.com\/hashtag\/po%C5%BCegnania?__eep__=6&amp;__cft__[0]=AZWZZdwerATv2zdat0faOQPFf-ECI8uzEtkIBlduuKRA4ZumSoPYdAczTiEiqpvjhgJR5Wj4d9YyZuk6B3mTn81riaxNkux7g31HLotNdSnr9w8UY5pwbxItXg73D4QlejotmJfZBGZIzVf-eEPVn-t3wXbQCRy6oHML9qZg49b4eaBCklnC7uiYgN5d6t9s02NQTa89rRPq-2fHsHnPbIj0&amp;__tn__=*NK-R\">#Po\u017cegnania<\/a><\/span><\/div>\n<div dir=\"auto\">ngg_shortcode_0_placeholder<\/div>\n<\/div>\n<\/div>\n<\/div>\n<\/div>\n<\/div>\n<\/div>\n<\/div>\n","protected":false},"excerpt":{"rendered":"<p>Zako\u0144czenie roku szkolnego 2024\/2025 &nbsp; 27 czerwca odby\u0142a si\u0119 w naszej szkole wyj\u0105tkowa i pe\u0142na wzrusze\u0144 uroczysto\u015b\u0107 zako\u0144czenia roku szkolnego 2024\/2025. To by\u0142 dzie\u0144 pe\u0142en emocji, podsumowa\u0144, po\u017cegna\u0144 i wdzi\u0119czno\u015bci. &nbsp; Szczeg\u00f3lne miejsce w programie zaj\u0119\u0142o symboliczne po\u017cegnanie klasy \u00f3smej, kt\u00f3ra ko\u0144czy swoj\u0105 edukacj\u0119 w naszej szkole. Uczniowie klasy si\u00f3dmej z serdeczno\u015bci\u0105 i wzruszeniem po\u017cegnali\u2026 <span class=\"read-more\"><a href=\"https:\/\/spswierzno.edu.pl\/?p=10824\">Dowiedz si\u0119 wi\u0119cej &raquo;<\/a><\/span><\/p>\n","protected":false},"author":1,"featured_media":10855,"comment_status":"closed","ping_status":"closed","sticky":false,"template":"","format":"standard","meta":{"ngg_post_thumbnail":0,"footnotes":""},"categories":[6,41,50,47,54,43,46,39],"tags":[],"class_list":["post-10824","post","type-post","status-publish","format-standard","has-post-thumbnail","hentry","category-aktualnosci","category-dla-rodzicow","category-dla-uczniow","category-goscie","category-nauczyciele","category-przedszkole","category-szkola","category-wydarzenia"],"_links":{"self":[{"href":"https:\/\/spswierzno.edu.pl\/index.php?rest_route=\/wp\/v2\/posts\/10824","targetHints":{"allow":["GET"]}}],"collection":[{"href":"https:\/\/spswierzno.edu.pl\/index.php?rest_route=\/wp\/v2\/posts"}],"about":[{"href":"https:\/\/spswierzno.edu.pl\/index.php?rest_route=\/wp\/v2\/types\/post"}],"author":[{"embeddable":true,"href":"https:\/\/spswierzno.edu.pl\/index.php?rest_route=\/wp\/v2\/users\/1"}],"replies":[{"embeddable":true,"href":"https:\/\/spswierzno.edu.pl\/index.php?rest_route=%2Fwp%2Fv2%2Fcomments&post=10824"}],"version-history":[{"count":1,"href":"https:\/\/spswierzno.edu.pl\/index.php?rest_route=\/wp\/v2\/posts\/10824\/revisions"}],"predecessor-version":[{"id":10856,"href":"https:\/\/spswierzno.edu.pl\/index.php?rest_route=\/wp\/v2\/posts\/10824\/revisions\/10856"}],"wp:featuredmedia":[{"embeddable":true,"href":"https:\/\/spswierzno.edu.pl\/index.php?rest_route=\/wp\/v2\/media\/10855"}],"wp:attachment":[{"href":"https:\/\/spswierzno.edu.pl\/index.php?rest_route=%2Fwp%2Fv2%2Fmedia&parent=10824"}],"wp:term":[{"taxonomy":"category","embeddable":true,"href":"https:\/\/spswierzno.edu.pl\/index.php?rest_route=%2Fwp%2Fv2%2Fcategories&post=10824"},{"taxonomy":"post_tag","embeddable":true,"href":"https:\/\/spswierzno.edu.pl\/index.php?rest_route=%2Fwp%2Fv2%2Ftags&post=10824"}],"curies":[{"name":"wp","href":"https:\/\/api.w.org\/{rel}","templated":true}]}}